{"id":41509,"date":"2026-05-01T13:15:38","date_gmt":"2026-05-01T17:15:38","guid":{"rendered":"https:\/\/poklib.org\/marian-anderson-y-poughkeepsie\/"},"modified":"2026-05-01T14:37:38","modified_gmt":"2026-05-01T18:37:38","slug":"marian-anderson-y-poughkeepsie","status":"publish","type":"post","link":"https:\/\/poklib.org\/es\/marian-anderson-y-poughkeepsie\/","title":{"rendered":"Marian Anderson y Poughkeepsie"},"content":{"rendered":"<p><div class=\"fusion-fullwidth fullwidth-box fusion-builder-row-1 fusion-flex-container has-pattern-background has-mask-background nonhundred-percent-fullwidth non-hundred-percent-height-scrolling\" style=\"--awb-border-radius-top-left:0px;--awb-border-radius-top-right:0px;--awb-border-radius-bottom-right:0px;--awb-border-radius-bottom-left:0px;--awb-flex-wrap:wrap;\" ><div class=\"fusion-builder-row fusion-row fusion-flex-align-items-flex-start fusion-flex-content-wrap\" style=\"max-width:1122px;margin-left: calc(-2% \/ 2 );margin-right: calc(-2% \/ 2 );\"><div class=\"fusion-layout-column fusion_builder_column fusion-builder-column-0 fusion_builder_column_1_2 1_2 fusion-flex-column\" style=\"--awb-bg-size:cover;--awb-width-large:50%;--awb-margin-top-large:0px;--awb-spacing-right-large:1.96%;--awb-margin-bottom-large:20px;--awb-spacing-left-large:1.96%;--awb-width-medium:100%;--awb-order-medium:0;--awb-spacing-right-medium:0.98%;--awb-spacing-left-medium:0.98%;--awb-width-small:100%;--awb-order-small:0;--awb-spacing-right-small:0.98%;--awb-spacing-left-small:0.98%;\"><div class=\"fusion-column-wrapper fusion-column-has-shadow fusion-flex-justify-content-flex-start fusion-content-layout-column\"><div class=\"fusion-image-element \" style=\"text-align:center;--awb-caption-title-font-family:var(--h2_typography-font-family);--awb-caption-title-font-weight:var(--h2_typography-font-weight);--awb-caption-title-font-style:var(--h2_typography-font-style);--awb-caption-title-size:var(--h2_typography-font-size);--awb-caption-title-transform:var(--h2_typography-text-transform);--awb-caption-title-line-height:var(--h2_typography-line-height);--awb-caption-title-letter-spacing:var(--h2_typography-letter-spacing);\"><span class=\" fusion-imageframe imageframe-none imageframe-1 hover-type-none\"><img decoding=\"async\" width=\"610\" height=\"455\" title=\"Marian-Anderson-1897-1993-contralto-afroamericana-cantando-en-el-Memorial-Lincoln-Domingo-de-Pascua-de-Washington-1939-610&#215;455\" src=\"https:\/\/i0.wp.com\/poklib.org\/wp-content\/uploads\/Marian-Anderson-1897-1993-African-American-contralto-singing-at-the-Lincoln-Memorial-Washington-Easter-Sunday-1939-610x455-1.jpg?fit=610%2C455&quality=88&ssl=1\" data-orig-src=\"https:\/\/poklib.org\/wp-content\/uploads\/Marian-Anderson-1897-1993-African-American-contralto-singing-at-the-Lincoln-Memorial-Washington-Easter-Sunday-1939-610x455-1.jpg\" alt class=\"lazyload img-responsive wp-image-41510\" srcset=\"data:image\/svg+xml,%3Csvg%20xmlns%3D%27http%3A%2F%2Fwww.w3.org%2F2000%2Fsvg%27%20width%3D%27610%27%20height%3D%27455%27%20viewBox%3D%270%200%20610%20455%27%3E%3Crect%20width%3D%27610%27%20height%3D%27455%27%20fill-opacity%3D%220%22%2F%3E%3C%2Fsvg%3E\" data-srcset=\"https:\/\/i0.wp.com\/poklib.org\/wp-content\/uploads\/Marian-Anderson-1897-1993-African-American-contralto-singing-at-the-Lincoln-Memorial-Washington-Easter-Sunday-1939-610x455-1.jpg?resize=200%2C149&amp;quality=88&amp;ssl=1 200w, https:\/\/i0.wp.com\/poklib.org\/wp-content\/uploads\/Marian-Anderson-1897-1993-African-American-contralto-singing-at-the-Lincoln-Memorial-Washington-Easter-Sunday-1939-610x455-1.jpg?resize=400%2C298&amp;quality=88&amp;ssl=1 400w, https:\/\/i0.wp.com\/poklib.org\/wp-content\/uploads\/Marian-Anderson-1897-1993-African-American-contralto-singing-at-the-Lincoln-Memorial-Washington-Easter-Sunday-1939-610x455-1.jpg?resize=600%2C448&amp;quality=88&amp;ssl=1 600w, https:\/\/i0.wp.com\/poklib.org\/wp-content\/uploads\/Marian-Anderson-1897-1993-African-American-contralto-singing-at-the-Lincoln-Memorial-Washington-Easter-Sunday-1939-610x455-1.jpg?fit=610%2C455&amp;quality=88&amp;ssl=1 610w\" data-sizes=\"auto\" data-orig-sizes=\"(max-width: 1024px) 100vw, (max-width: 640px) 100vw, 600px\" \/><\/span><\/div><\/div><\/div><div class=\"fusion-layout-column fusion_builder_column fusion-builder-column-1 fusion_builder_column_1_2 1_2 fusion-flex-column\" style=\"--awb-bg-size:cover;--awb-width-large:50%;--awb-margin-top-large:0px;--awb-spacing-right-large:1.96%;--awb-margin-bottom-large:20px;--awb-spacing-left-large:1.96%;--awb-width-medium:100%;--awb-order-medium:0;--awb-spacing-right-medium:0.98%;--awb-spacing-left-medium:0.98%;--awb-width-small:100%;--awb-order-small:0;--awb-spacing-right-small:0.98%;--awb-spacing-left-small:0.98%;\"><div class=\"fusion-column-wrapper fusion-column-has-shadow fusion-flex-justify-content-flex-start fusion-content-layout-column\"><\/div><\/div><\/div><\/div><div class=\"fusion-fullwidth fullwidth-box fusion-builder-row-2 fusion-flex-container has-pattern-background has-mask-background nonhundred-percent-fullwidth non-hundred-percent-height-scrolling\" style=\"--awb-border-radius-top-left:0px;--awb-border-radius-top-right:0px;--awb-border-radius-bottom-right:0px;--awb-border-radius-bottom-left:0px;--awb-flex-wrap:wrap;\" ><div class=\"fusion-builder-row fusion-row fusion-flex-align-items-flex-start fusion-flex-content-wrap\" style=\"max-width:1122px;margin-left: calc(-2% \/ 2 );margin-right: calc(-2% \/ 2 );\"><div class=\"fusion-layout-column fusion_builder_column fusion-builder-column-2 fusion_builder_column_1_1 1_1 fusion-flex-column\" style=\"--awb-bg-size:cover;--awb-width-large:100%;--awb-margin-top-large:0px;--awb-spacing-right-large:0.98%;--awb-margin-bottom-large:20px;--awb-spacing-left-large:0.98%;--awb-width-medium:100%;--awb-order-medium:0;--awb-spacing-right-medium:0.98%;--awb-spacing-left-medium:0.98%;--awb-width-small:100%;--awb-order-small:0;--awb-spacing-right-small:0.98%;--awb-spacing-left-small:0.98%;\"><div class=\"fusion-column-wrapper fusion-column-has-shadow fusion-flex-justify-content-flex-start fusion-content-layout-column\"><div class=\"fusion-text fusion-text-1\" style=\"--awb-text-color:var(--awb-color2);--awb-text-font-family:Arial, Helvetica, sans-serif;--awb-text-font-style:normal;--awb-text-font-weight:400;\"><p><strong>Por Bill Kleppel<\/strong><\/p>\n<p>En Pascua, el 9 de abril de 1939, la contralto de \u00f3pera Marion Anderson ofreci\u00f3 un concierto extraordinario ante 75.000 personas. Este momento, en la escalinata del Lincoln Memorial de Washington D.C., se recuerda en los anales de la historia estadounidense. La historia que condujo a \u00e9l es un testimonio del poder permanente del Movimiento por los Derechos Civiles y de la lucha por la igualdad racial en este pa\u00eds.  <\/p>\n<p>El 13 de enero de 1939, s\u00f3lo unos meses antes de este acontecimiento hist\u00f3rico, Anderson cautiv\u00f3 a un p\u00fablico repleto con un concierto... \u00a1dentro del auditorio del instituto de Poughkeepsie!<\/p>\n<p>\u00c9ste es mi tercer post sobre una actuaci\u00f3n en el antiguo auditorio del instituto de la calle Hamilton Norte (\u00a1que a\u00fan existe como Auditorio Lateef Islam del Centro de Asociaci\u00f3n Familiar!), y tengo la clara sensaci\u00f3n de que no ser\u00e1 el \u00faltimo. (Ver posts <a href=\"https:\/\/poklib.org\/es\/la-feria-de-la-melodia-1958\/\">uno<\/a> y <a href=\"https:\/\/poklib.org\/es\/volar-por-diversion-amelia-earhart-en-el-escenario-de-poughkeepsie\/\">dos<\/a>).<\/p>\n<div id=\"attachment_41500\" style=\"width: 610px\" class=\"wp-caption aligncenter\"><img data-recalc-dims=\"1\" decoding=\"async\" aria-describedby=\"caption-attachment-41500\" class=\"lazyload size-full wp-image-41500\" src=\"https:\/\/i0.wp.com\/poklib.org\/wp-content\/uploads\/1938-Tickets-for-Marian-Anderson-19-Dec-1938.jpg?resize=600%2C320&#038;quality=88&#038;ssl=1\" data-orig-src=\"https:\/\/poklib.org\/wp-content\/uploads\/1938-Tickets-for-Marian-Anderson-19-Dec-1938.jpg\" alt=\"\" width=\"600\" height=\"320\" srcset=\"data:image\/svg+xml,%3Csvg%20xmlns%3D%27http%3A%2F%2Fwww.w3.org%2F2000%2Fsvg%27%20width%3D%27600%27%20height%3D%27320%27%20viewBox%3D%270%200%20600%20320%27%3E%3Crect%20width%3D%27600%27%20height%3D%27320%27%20fill-opacity%3D%220%22%2F%3E%3C%2Fsvg%3E\" data-srcset=\"https:\/\/i0.wp.com\/poklib.org\/wp-content\/uploads\/1938-Tickets-for-Marian-Anderson-19-Dec-1938.jpg?resize=200%2C107&amp;quality=88&amp;ssl=1 200w, https:\/\/i0.wp.com\/poklib.org\/wp-content\/uploads\/1938-Tickets-for-Marian-Anderson-19-Dec-1938.jpg?resize=400%2C213&amp;quality=88&amp;ssl=1 400w, https:\/\/i0.wp.com\/poklib.org\/wp-content\/uploads\/1938-Tickets-for-Marian-Anderson-19-Dec-1938.jpg?fit=600%2C320&amp;quality=88&amp;ssl=1 600w\" data-sizes=\"auto\" data-orig-sizes=\"(max-width: 600px) 100vw, 600px\" \/><p id=\"caption-attachment-41500\" class=\"wp-caption-text\">Entradas para Marian Anderson - Poughkeepsie Journal; 19 de diciembre de 1938<\/p><\/div>\n<p><strong><u>Vida temprana<\/u><\/strong><\/p>\n<p>Marian Andrson naci\u00f3 en 1897, en Filadelfia. Su padre muri\u00f3 a los 37 a\u00f1os, cuando ella s\u00f3lo ten\u00eda 12. Ella y su madre se mudaron con sus abuelos poco despu\u00e9s.  <\/p>\n<p>Al no poder permitirse clases de m\u00fasica ni el instituto, Marian dedic\u00f3 su tiempo y esfuerzo a cantar en los coros de las iglesias. Un predicador baptista local se fij\u00f3 r\u00e1pidamente en su talento mientras cantaba para el Coro Popular de Filadelfia. El reverendo y otros l\u00edderes de la comunidad negra del sur de Filadelfia recaudaron dinero suficiente para que Marian pudiera recibir clases de canto adecuadas y asistir al instituto.  <\/p>\n<p>Con el tiempo, su enorme talento la llev\u00f3 a cantar en la ciudad de Nueva York, donde empez\u00f3 a ganar adeptos en las sociedades oper\u00edsticas. Inici\u00f3 una carrera discogr\u00e1fica con la Victor Talking Machine Company de Camden, Nueva Jersey. En 1925, gan\u00f3 un concierto de canto promovido por la Filarm\u00f3nica de Nueva York, lo que llev\u00f3 a Marian a cantar con su orquesta en el Carnegie Hall. Su estrellato la llev\u00f3 r\u00e1pidamente a tocar en las mejores salas de conciertos de Am\u00e9rica y, finalmente, de Europa.   <\/p>\n<div id=\"attachment_41501\" style=\"width: 404px\" class=\"wp-caption aligncenter\"><img data-recalc-dims=\"1\" decoding=\"async\" aria-describedby=\"caption-attachment-41501\" class=\"lazyload size-full wp-image-41501\" src=\"https:\/\/i0.wp.com\/poklib.org\/wp-content\/uploads\/Marian-Anderson-Carnegie-Hall-Collection.jpg?resize=394%2C600&#038;quality=88&#038;ssl=1\" data-orig-src=\"https:\/\/poklib.org\/wp-content\/uploads\/Marian-Anderson-Carnegie-Hall-Collection.jpg\" alt=\"\" width=\"394\" height=\"600\" srcset=\"data:image\/svg+xml,%3Csvg%20xmlns%3D%27http%3A%2F%2Fwww.w3.org%2F2000%2Fsvg%27%20width%3D%27394%27%20height%3D%27600%27%20viewBox%3D%270%200%20394%20600%27%3E%3Crect%20width%3D%27394%27%20height%3D%27600%27%20fill-opacity%3D%220%22%2F%3E%3C%2Fsvg%3E\" data-srcset=\"https:\/\/i0.wp.com\/poklib.org\/wp-content\/uploads\/Marian-Anderson-Carnegie-Hall-Collection.jpg?resize=200%2C305&amp;quality=88&amp;ssl=1 200w, https:\/\/i0.wp.com\/poklib.org\/wp-content\/uploads\/Marian-Anderson-Carnegie-Hall-Collection.jpg?fit=394%2C600&amp;quality=88&amp;ssl=1 394w\" data-sizes=\"auto\" data-orig-sizes=\"(max-width: 394px) 100vw, 394px\" \/><p id=\"caption-attachment-41501\" class=\"wp-caption-text\">Marian Anderson a principios de los a\u00f1os 20; Carnegie Hall Digital Collections<\/p><\/div>\n<p>A pesar de su talento, a Marian se le neg\u00f3 el servicio en muchos restaurantes y la estancia en hoteles, como el Nelson House de Poughkeepsie, debido a las leyes de Jim Crow en el Sur, junto con la intolerancia siempre presente en el Norte.<\/p>\n<p>Sin embargo, la naturaleza progresista y abierta de esta ciudad siempre fue un lugar acogedor para artistas de cualquier procedencia.<\/p>\n<p><strong><u>Marian Anderson en Poughkeepsie<\/u><\/strong><\/p>\n<p>Tras un torbellino de giras por todo el mundo, era natural que un artista de este calibre actuara aqu\u00ed. Muchas figuras legendarias actuaron en el Teatro Collingwood de Market Street ya en 1869, desde Mark Twain a Sarah Bernhardt y Jan Paderewski. Sin embargo, en la d\u00e9cada de 1920, el Collingwood se hab\u00eda transformado m\u00e1s bien en un cine.  <\/p>\n<p>\u00a1Pero eso no impidi\u00f3 que el talento tocara en Poughkeepsie!<\/p>\n<div id=\"attachment_41502\" style=\"width: 371px\" class=\"wp-caption aligncenter\"><img data-recalc-dims=\"1\" decoding=\"async\" aria-describedby=\"caption-attachment-41502\" class=\"lazyload size-full wp-image-41502\" src=\"https:\/\/i0.wp.com\/poklib.org\/wp-content\/uploads\/1939-Marian-Anderson-Famed-Contralto-Sings-Here-Friday-11-Jan-1939.jpg?resize=361%2C600&#038;quality=88&#038;ssl=1\" data-orig-src=\"https:\/\/poklib.org\/wp-content\/uploads\/1939-Marian-Anderson-Famed-Contralto-Sings-Here-Friday-11-Jan-1939.jpg\" alt=\"\" width=\"361\" height=\"600\" srcset=\"data:image\/svg+xml,%3Csvg%20xmlns%3D%27http%3A%2F%2Fwww.w3.org%2F2000%2Fsvg%27%20width%3D%27361%27%20height%3D%27600%27%20viewBox%3D%270%200%20361%20600%27%3E%3Crect%20width%3D%27361%27%20height%3D%27600%27%20fill-opacity%3D%220%22%2F%3E%3C%2Fsvg%3E\" data-srcset=\"https:\/\/i0.wp.com\/poklib.org\/wp-content\/uploads\/1939-Marian-Anderson-Famed-Contralto-Sings-Here-Friday-11-Jan-1939.jpg?resize=200%2C332&amp;quality=88&amp;ssl=1 200w, https:\/\/i0.wp.com\/poklib.org\/wp-content\/uploads\/1939-Marian-Anderson-Famed-Contralto-Sings-Here-Friday-11-Jan-1939.jpg?fit=361%2C600&amp;quality=88&amp;ssl=1 361w\" data-sizes=\"auto\" data-orig-sizes=\"(max-width: 361px) 100vw, 361px\" \/><p id=\"caption-attachment-41502\" class=\"wp-caption-text\">P\u00e1gina de Sociedad del Poughkeepsie Journal; 11 de enero de 1939<\/p><\/div>\n<p>En enero de 1939, el espect\u00e1culo de Marian llen\u00f3 el auditorio de la escuela hasta su capacidad de 2000 personas... y arras\u00f3. \"El p\u00fablico de Poughkeepsie ha escuchado en su d\u00eda a algunas cantantes espl\u00e9ndidas...\", inform\u00f3 un escritor <em>del Journal<\/em>, \"pero dudamos que alguna vez se haya escuchado a una artista que sobresaliera tan brillantemente en todas las formas concebibles de expresi\u00f3n musical.\" <\/p>\n<p>Los asistentes de la ciudad fueron mimados por una artista en la cima de sus facultades y se mostraron muy agradecidos: \"La Srta. Anderson, tras presenciar el espect\u00e1culo de un p\u00fablico de la Asociaci\u00f3n Musical del Condado de Dutchess, por lo dem\u00e1s digno, que empezaba a zapatear, consinti\u00f3 en tres bises.\"<\/p>\n<p>Tras el mete\u00f3rico ascenso de Anderson a la cima de su campo musical, se podr\u00eda pensar que no se le cerrar\u00e1 ninguna puerta... Pero no es as\u00ed.<\/p>\n<p><strong><u>Sala de la Constituci\u00f3n - Washington D.C.<\/u><\/strong><\/p>\n<p>Construido en 1929, el Constitution Hall de las Hijas de la Revoluci\u00f3n Americana, con capacidad para 4.000 personas, era uno de los locales m\u00e1s prestigiosos del pa\u00eds. A principios de la d\u00e9cada de 1930, un tenor afroamericano llamado Roland Hayes hab\u00eda actuado all\u00ed (anteriormente tambi\u00e9n hab\u00eda actuado en el Poughkeepsie High School y en el Vassar College en la d\u00e9cada de 1920). <\/p>\n<div id=\"attachment_41503\" style=\"width: 436px\" class=\"wp-caption aligncenter\"><img data-recalc-dims=\"1\" decoding=\"async\" aria-describedby=\"caption-attachment-41503\" class=\"lazyload size-full wp-image-41503\" src=\"https:\/\/i0.wp.com\/poklib.org\/wp-content\/uploads\/Roland-Hayes-1923-700x1012-1.jpg?resize=426%2C600&#038;quality=88&#038;ssl=1\" data-orig-src=\"https:\/\/poklib.org\/wp-content\/uploads\/Roland-Hayes-1923-700x1012-1.jpg\" alt=\"\" width=\"426\" height=\"600\" srcset=\"data:image\/svg+xml,%3Csvg%20xmlns%3D%27http%3A%2F%2Fwww.w3.org%2F2000%2Fsvg%27%20width%3D%27426%27%20height%3D%27600%27%20viewBox%3D%270%200%20426%20600%27%3E%3Crect%20width%3D%27426%27%20height%3D%27600%27%20fill-opacity%3D%220%22%2F%3E%3C%2Fsvg%3E\" data-srcset=\"https:\/\/i0.wp.com\/poklib.org\/wp-content\/uploads\/Roland-Hayes-1923-700x1012-1.jpg?resize=200%2C282&amp;quality=88&amp;ssl=1 200w, https:\/\/i0.wp.com\/poklib.org\/wp-content\/uploads\/Roland-Hayes-1923-700x1012-1.jpg?resize=400%2C563&amp;quality=88&amp;ssl=1 400w, https:\/\/i0.wp.com\/poklib.org\/wp-content\/uploads\/Roland-Hayes-1923-700x1012-1.jpg?fit=426%2C600&amp;quality=88&amp;ssl=1 426w\" data-sizes=\"auto\" data-orig-sizes=\"(max-width: 426px) 100vw, 426px\" \/><p id=\"caption-attachment-41503\" class=\"wp-caption-text\">Roland Hayes<\/p><\/div>\n<p>El primer concierto de Hayes en el Constitution Hall tuvo un p\u00fablico segregado. El Sr. Hayes exigi\u00f3 que los asistentes estuvieran integrados para cualquiera de sus futuras actuaciones en el local. Las Hijas de la Revoluci\u00f3n Americana (DAR) aceptaron un p\u00fablico integrado para la siguiente actuaci\u00f3n de Hayes en 1931. Los miembros de la organizaci\u00f3n estaban consternados por tener que acatar esta decisi\u00f3n, as\u00ed que llevaron el asunto ante la jerarqu\u00eda de las DAR.   <\/p>\n<p>Debido al clamor de sus miembros, la DAR decidi\u00f3 aplicar una estricta pol\u00edtica de \"exclusi\u00f3n de negros\" a los artistas que actuaran en el Constitution Hall en adelante.<\/p>\n<p>Despu\u00e9s de que Marion Anderson actuara en la Universidad Howard como parte de su serie de conciertos en 1939, la escuela solicit\u00f3 que el Constitution Hall abriera sus puertas para ella el 9 de abril de ese a\u00f1o. La DAR rechaz\u00f3 categ\u00f3ricamente la petici\u00f3n. <\/p>\n<div id=\"attachment_41504\" style=\"width: 560px\" class=\"wp-caption aligncenter\"><img data-recalc-dims=\"1\" decoding=\"async\" aria-describedby=\"caption-attachment-41504\" class=\"lazyload size-full wp-image-41504\" src=\"https:\/\/i0.wp.com\/poklib.org\/wp-content\/uploads\/1939-Vassar-Students-2-Protest-Barring-Marian-Anderson-from-Consitution-Hall-24-Feb-1939-pg-1.jpg?resize=550%2C600&#038;quality=88&#038;ssl=1\" data-orig-src=\"https:\/\/poklib.org\/wp-content\/uploads\/1939-Vassar-Students-2-Protest-Barring-Marian-Anderson-from-Consitution-Hall-24-Feb-1939-pg-1.jpg\" alt=\"\" width=\"550\" height=\"600\" srcset=\"data:image\/svg+xml,%3Csvg%20xmlns%3D%27http%3A%2F%2Fwww.w3.org%2F2000%2Fsvg%27%20width%3D%27550%27%20height%3D%27600%27%20viewBox%3D%270%200%20550%20600%27%3E%3Crect%20width%3D%27550%27%20height%3D%27600%27%20fill-opacity%3D%220%22%2F%3E%3C%2Fsvg%3E\" data-srcset=\"https:\/\/i0.wp.com\/poklib.org\/wp-content\/uploads\/1939-Vassar-Students-2-Protest-Barring-Marian-Anderson-from-Consitution-Hall-24-Feb-1939-pg-1.jpg?resize=200%2C218&amp;quality=88&amp;ssl=1 200w, https:\/\/i0.wp.com\/poklib.org\/wp-content\/uploads\/1939-Vassar-Students-2-Protest-Barring-Marian-Anderson-from-Consitution-Hall-24-Feb-1939-pg-1.jpg?resize=400%2C436&amp;quality=88&amp;ssl=1 400w, https:\/\/i0.wp.com\/poklib.org\/wp-content\/uploads\/1939-Vassar-Students-2-Protest-Barring-Marian-Anderson-from-Consitution-Hall-24-Feb-1939-pg-1.jpg?fit=550%2C600&amp;quality=88&amp;ssl=1 550w\" data-sizes=\"auto\" data-orig-sizes=\"(max-width: 550px) 100vw, 550px\" \/><p id=\"caption-attachment-41504\" class=\"wp-caption-text\">Protesta de los estudiantes de Vassar; 24 de febrero de 1939<\/p><\/div>\n<p>Inmediatamente despu\u00e9s del anuncio, el alumnado del Vassar College y varios de sus profesores protestaron oficialmente por la decisi\u00f3n. Parte de la cr\u00edtica oficial de los estudiantes de Vassar dec\u00eda: \"...considerando que la discriminaci\u00f3n contra cualquier persona por motivos de raza, credo o color es totalmente aborrecible para el Esp\u00edritu Americano en el que y sobre el que supuestamente se fund\u00f3 vuestra sociedad... protestamos en\u00e9rgicamente contra vuestra reciente acci\u00f3n de negar el uso del Constitution Hall a Marion Anderson para un concierto el 9 de abril de 1939.\" <\/p>\n<p>Pero el mazazo que dej\u00f3 tambale\u00e1ndose a la DAR fue una carta que les enviaron unos d\u00edas despu\u00e9s. La Primera Dama de Estados Unidos decidi\u00f3 dimitir de la DAR por su desacertada decisi\u00f3n. <\/p>\n<p>Eleanor Roosevelt no se andaba con chiquitas.<\/p>\n<p>\"Estoy en total desacuerdo con la actitud adoptada al negar el Sal\u00f3n de la Constituci\u00f3n a un gran artista. Hab\u00e9is dado un ejemplo que me parece desafortunado, y me siento obligado a enviaros mi dimisi\u00f3n.\"<\/p>\n<p>Continu\u00f3: \"Tuviste la oportunidad de dirigir de forma ilustrada y me parece que tu organizaci\u00f3n ha fracasado\".<\/p>\n<p>\u00a1Ay!<\/p>\n<p>Aqu\u00ed tienes una copia de la breve, pero muy eficaz, carta de Eleanor.<\/p>\n<p><img data-recalc-dims=\"1\" decoding=\"async\" class=\"lazyload aligncenter size-full wp-image-41505\" src=\"https:\/\/i0.wp.com\/poklib.org\/wp-content\/uploads\/Eleanor-Roosevelt-Letter-to-DAR-26-Feb-1939-2.jpg?resize=593%2C600&#038;quality=88&#038;ssl=1\" data-orig-src=\"https:\/\/poklib.org\/wp-content\/uploads\/Eleanor-Roosevelt-Letter-to-DAR-26-Feb-1939-2.jpg\" alt=\"\" width=\"593\" height=\"600\" srcset=\"data:image\/svg+xml,%3Csvg%20xmlns%3D%27http%3A%2F%2Fwww.w3.org%2F2000%2Fsvg%27%20width%3D%27593%27%20height%3D%27600%27%20viewBox%3D%270%200%20593%20600%27%3E%3Crect%20width%3D%27593%27%20height%3D%27600%27%20fill-opacity%3D%220%22%2F%3E%3C%2Fsvg%3E\" data-srcset=\"https:\/\/i0.wp.com\/poklib.org\/wp-content\/uploads\/Eleanor-Roosevelt-Letter-to-DAR-26-Feb-1939-2.jpg?resize=66%2C66&amp;quality=88&amp;ssl=1 66w, https:\/\/i0.wp.com\/poklib.org\/wp-content\/uploads\/Eleanor-Roosevelt-Letter-to-DAR-26-Feb-1939-2.jpg?resize=200%2C202&amp;quality=88&amp;ssl=1 200w, https:\/\/i0.wp.com\/poklib.org\/wp-content\/uploads\/Eleanor-Roosevelt-Letter-to-DAR-26-Feb-1939-2.jpg?resize=400%2C405&amp;quality=88&amp;ssl=1 400w, https:\/\/i0.wp.com\/poklib.org\/wp-content\/uploads\/Eleanor-Roosevelt-Letter-to-DAR-26-Feb-1939-2.jpg?fit=593%2C600&amp;quality=88&amp;ssl=1 593w\" data-sizes=\"auto\" data-orig-sizes=\"(max-width: 593px) 100vw, 593px\" \/><\/p>\n<p>Despu\u00e9s de todo esto, la DAR sigui\u00f3 sin ceder. Pero tampoco lo hizo la Universidad Howard. Walter White, secretario ejecutivo de la NAACP, tuvo la idea de celebrar el concierto al aire libre, en el Lincoln Memorial. Como se trataba de un monumento nacional, la decisi\u00f3n final estaba en manos del Secretario de Interior, Harold Ickes. Ickes no s\u00f3lo acept\u00f3 el concierto, \u00a1sino que acompa\u00f1\u00f3 a Marion Anderson al escenario el d\u00eda del evento!    <\/p>\n<p>El resto es historia. La actuaci\u00f3n de Anderson es un acontecimiento ic\u00f3nico para siempre. <\/p>\n<p><strong><u>\u00a1De vuelta a Poughkeepsie!<\/u><\/strong><\/p>\n<p>Marian forj\u00f3 amistades en el Vassar College y en la comunidad afroamericana de Poughkeepsie, incluida Bessie Harden Payne (presentada en <a href=\"https:\/\/poklib.org\/es\/bessie-harden-payne-gigante-de-la-comunidad-de-poughkeepsie\/\">una entrada anterior del blog<\/a>). Fue el reverendo Herbert Payne, marido de Bessie, quien la llev\u00f3 en coche a la estaci\u00f3n de tren tras su primer concierto en el instituto en 1939. <\/p>\n<p>Volver\u00eda a actuar en dos ocasiones. Su siguiente visita fue el 28 de noviembre de 1940, acompa\u00f1ada por el pianista estadounidense de origen alem\u00e1n Franz Rupp. <\/p>\n<div id=\"attachment_41506\" style=\"width: 403px\" class=\"wp-caption aligncenter\"><img data-recalc-dims=\"1\" decoding=\"async\" aria-describedby=\"caption-attachment-41506\" class=\"lazyload size-full wp-image-41506\" src=\"https:\/\/i0.wp.com\/poklib.org\/wp-content\/uploads\/Marian-Anderson-Concert-Program-28-Nov-1940.jpg?resize=393%2C600&#038;quality=88&#038;ssl=1\" data-orig-src=\"https:\/\/poklib.org\/wp-content\/uploads\/Marian-Anderson-Concert-Program-28-Nov-1940.jpg\" alt=\"\" width=\"393\" height=\"600\" srcset=\"data:image\/svg+xml,%3Csvg%20xmlns%3D%27http%3A%2F%2Fwww.w3.org%2F2000%2Fsvg%27%20width%3D%27393%27%20height%3D%27600%27%20viewBox%3D%270%200%20393%20600%27%3E%3Crect%20width%3D%27393%27%20height%3D%27600%27%20fill-opacity%3D%220%22%2F%3E%3C%2Fsvg%3E\" data-srcset=\"https:\/\/i0.wp.com\/poklib.org\/wp-content\/uploads\/Marian-Anderson-Concert-Program-28-Nov-1940.jpg?resize=200%2C305&amp;quality=88&amp;ssl=1 200w, https:\/\/i0.wp.com\/poklib.org\/wp-content\/uploads\/Marian-Anderson-Concert-Program-28-Nov-1940.jpg?fit=393%2C600&amp;quality=88&amp;ssl=1 393w\" data-sizes=\"auto\" data-orig-sizes=\"(max-width: 393px) 100vw, 393px\" \/><p id=\"caption-attachment-41506\" class=\"wp-caption-text\">Programa de la actuaci\u00f3n de Anderson en 1940<\/p><\/div>\n<p>La carrera profesional de Anderson continu\u00f3 durante d\u00e9cadas. Su trabajo como defensora de los derechos civiles dur\u00f3 toda su vida. Con el tiempo, redujo su agenda. Marian pas\u00f3 a casarse con el arquitecto Orpheus Fisher. La pareja decidi\u00f3 comprar una casa y vivir en Danbury, Connecticut.    <\/p>\n<p>Pero justo cuando pensabas que hab\u00eda terminado con Poughkeepsie, volvi\u00f3 a aparecer el 18 de noviembre de 1964. Esta vez fue nombrada ciudadana honoraria de Poughkeepsie y le entregaron una bandera estadounidense antes incluso de subir al escenario del Auditorio de Poughkeepsie. <\/p>\n<div id=\"attachment_41507\" style=\"width: 610px\" class=\"wp-caption aligncenter\"><img data-recalc-dims=\"1\" decoding=\"async\" aria-describedby=\"caption-attachment-41507\" class=\"lazyload size-full wp-image-41507\" src=\"https:\/\/i0.wp.com\/poklib.org\/wp-content\/uploads\/15-Nov-1964-Marian-Anderson-to-Become-honorary-citizen-of-Poughkeepsie-2.jpg?resize=600%2C135&#038;quality=88&#038;ssl=1\" data-orig-src=\"https:\/\/poklib.org\/wp-content\/uploads\/15-Nov-1964-Marian-Anderson-to-Become-honorary-citizen-of-Poughkeepsie-2.jpg\" alt=\"\" width=\"600\" height=\"135\" srcset=\"data:image\/svg+xml,%3Csvg%20xmlns%3D%27http%3A%2F%2Fwww.w3.org%2F2000%2Fsvg%27%20width%3D%27600%27%20height%3D%27135%27%20viewBox%3D%270%200%20600%20135%27%3E%3Crect%20width%3D%27600%27%20height%3D%27135%27%20fill-opacity%3D%220%22%2F%3E%3C%2Fsvg%3E\" data-srcset=\"https:\/\/i0.wp.com\/poklib.org\/wp-content\/uploads\/15-Nov-1964-Marian-Anderson-to-Become-honorary-citizen-of-Poughkeepsie-2.jpg?resize=200%2C45&amp;quality=88&amp;ssl=1 200w, https:\/\/i0.wp.com\/poklib.org\/wp-content\/uploads\/15-Nov-1964-Marian-Anderson-to-Become-honorary-citizen-of-Poughkeepsie-2.jpg?resize=400%2C90&amp;quality=88&amp;ssl=1 400w, https:\/\/i0.wp.com\/poklib.org\/wp-content\/uploads\/15-Nov-1964-Marian-Anderson-to-Become-honorary-citizen-of-Poughkeepsie-2.jpg?fit=600%2C135&amp;quality=88&amp;ssl=1 600w\" data-sizes=\"auto\" data-orig-sizes=\"(max-width: 600px) 100vw, 600px\" \/><p id=\"caption-attachment-41507\" class=\"wp-caption-text\">Poughkeepsie Journal; 15 de noviembre de 1964<\/p><\/div>\n<p>Cuanto m\u00e1s investigas la historia de Poughkeepsie, menos ef\u00edmera resulta. Gigantes hist\u00f3ricos de todos los \u00e1mbitos de la vida han visitado esta ciudad, o ya estaban aqu\u00ed, construyendo su tejido social para acoger a otros. La historia de esta ciudad es infinitamente fascinante.  <\/p>\n<\/div><\/div><\/div><\/div><\/div><div class=\"fusion-fullwidth fullwidth-box fusion-builder-row-3 fusion-flex-container has-pattern-background has-mask-background nonhundred-percent-fullwidth non-hundred-percent-height-scrolling\" style=\"--awb-border-radius-top-left:0px;--awb-border-radius-top-right:0px;--awb-border-radius-bottom-right:0px;--awb-border-radius-bottom-left:0px;--awb-flex-wrap:wrap;\" ><div class=\"fusion-builder-row fusion-row fusion-flex-align-items-flex-start fusion-flex-content-wrap\" style=\"max-width:1122px;margin-left: calc(-2% \/ 2 );margin-right: calc(-2% \/ 2 );\"><div class=\"fusion-layout-column fusion_builder_column fusion-builder-column-3 fusion_builder_column_1_1 1_1 fusion-flex-column\" style=\"--awb-bg-size:cover;--awb-width-large:100%;--awb-margin-top-large:0px;--awb-spacing-right-large:0.98%;--awb-margin-bottom-large:20px;--awb-spacing-left-large:0.98%;--awb-width-medium:100%;--awb-order-medium:0;--awb-spacing-right-medium:0.98%;--awb-spacing-left-medium:0.98%;--awb-width-small:100%;--awb-order-small:0;--awb-spacing-right-small:0.98%;--awb-spacing-left-small:0.98%;\"><div class=\"fusion-column-wrapper fusion-column-has-shadow fusion-flex-justify-content-flex-start fusion-content-layout-column\"><div class=\"awb-gallery-wrapper awb-gallery-wrapper-1 button-span-no\" style=\"--more-btn-alignment:center;\"><div style=\"margin:-5px;--awb-bordersize:0px;\" class=\"fusion-gallery fusion-gallery-container fusion-grid-3 fusion-columns-total-0 fusion-gallery-layout-grid fusion-gallery-1\"><\/div><\/div><\/div><\/div><\/div><\/div><div class=\"fusion-fullwidth fullwidth-box fusion-builder-row-4 fusion-flex-container has-pattern-background has-mask-background nonhundred-percent-fullwidth non-hundred-percent-height-scrolling\" style=\"--awb-border-radius-top-left:0px;--awb-border-radius-top-right:0px;--awb-border-radius-bottom-right:0px;--awb-border-radius-bottom-left:0px;--awb-flex-wrap:wrap;\" ><div class=\"fusion-builder-row fusion-row fusion-flex-align-items-flex-start fusion-flex-content-wrap\" style=\"max-width:1122px;margin-left: calc(-2% \/ 2 );margin-right: calc(-2% \/ 2 );\"><div class=\"fusion-layout-column fusion_builder_column fusion-builder-column-4 fusion_builder_column_1_1 1_1 fusion-flex-column\" style=\"--awb-bg-size:cover;--awb-width-large:100%;--awb-margin-top-large:0px;--awb-spacing-right-large:0.98%;--awb-margin-bottom-large:20px;--awb-spacing-left-large:0.98%;--awb-width-medium:100%;--awb-order-medium:0;--awb-spacing-right-medium:0.98%;--awb-spacing-left-medium:0.98%;--awb-width-small:100%;--awb-order-small:0;--awb-spacing-right-small:0.98%;--awb-spacing-left-small:0.98%;\"><div class=\"fusion-column-wrapper fusion-column-has-shadow fusion-flex-justify-content-flex-start fusion-content-layout-column\"><div class=\"fusion-text fusion-text-2\" style=\"--awb-text-color:var(--awb-color2);--awb-text-font-family:Arial, Helvetica, sans-serif;--awb-text-font-style:normal;--awb-text-font-weight:400;\"><p><strong><u>Referencias<\/u><\/strong><\/p>\n<ul>\n<li>Polk, David. \"Esta hist\u00f3rica actuaci\u00f3n de Marian Anderson la convirti\u00f3 en un icono del movimiento por los derechos civiles\". <em>PBS<\/em>, Public Broadcasting Service, 10 de enero de 2022, <a href=\"http:\/\/www.pbs.org\/wnet\/americanmasters\/this-historic-marian-anderson-performance-made-her-an-icon-of-the-civil-rights-movement\/14241\/\">pbs.org\/wnet\/americanmasters\/this-historic-marian-anderson-performance-made-her-an-icon-of-the-civil-rights-movement\/14241\/<\/a>. <\/li>\n<li>\"Las entradas para Marian Anderson son ideales para Navidad\". <em>Com<\/em>, Poughkeepsie Eagle News, 19 de diciembre de 1938, www.newspapers.com\/image\/114298412\/.<\/li>\n<li>Archivos, Carnegie Hall Rose. \"Marian Anderson .\" Carnegie <em>Hall<\/em>, Archivos del Carnegie Hall Rose, collections.carnegiehall.org\/CS.aspx?VP3=SearchResult&amp;ALID=2RRM1T78NS7I&amp;VBID=2RRMLBFVTRS4H#\/SearchResult&amp;ALID=2RRM1T78NS7I&amp;VBID=2RRMLBFVTRS4H&amp;POPUPPN=13&amp;POPUPIID=2RRM1TO2S087. Consultado el 25 de abr. de 2026. <\/li>\n<li>\"Marian Anderson, famosa contralto, canta el viernes\". <em>Com<\/em>, Poughkeepsie Eagle News, 11 de enero de 1939, www.newspapers.com\/image\/114327009\/.<\/li>\n<li>\"Marian Anderson\". <em>Com<\/em>, Poughkeepsie Eagle News, 14 de enero de 1939, www.newspapers.com\/image\/114328230\/.<\/li>\n<li>\"La Sociedad Musical del Condado de Dutchess presenta a Marian Anderson [Programa de concierto 1940-11-28]\". <em>Repositorio Digital Colenda - Bibliotecas de la Universidad de Pensilvania<\/em>, colenda.library.upenn.edu\/catalog\/81431-p3jm23g3w. Consultado el 25 de abril de 2026. <\/li>\n<li>Instant\u00e1neas hist\u00f3ricas. \"Tenor estadounidense Roland Hayes\". <em>Historical Snapshots<\/em>, 8 Nov. 2023, historicalsnaps.com\/2022\/09\/29\/american-tenor-roland-hayes\/. <\/li>\n<li>\"Estudiantes de Vassar protestan por prohibir la entrada de Marian Anderson al Constitution Hall\". <em>Com<\/em>, Poughkeepsie Eagle News, 24 de febrero de 1939, www.newspapers.com\/image\/114341858\/.<\/li>\n<li>\"Eleanor Roosevelt dimite de la DAR\". <em>Biblioteca y Museo Presidencial FDR<\/em>, www.fdrlibrary.org\/document-february. Consultado el 25 de abril de 2026. <\/li>\n<li>\"Marian Anderson recibir\u00e1 la bandera y ser\u00e1 ciudadana honoraria de Poughkeepsie\". <em>Com<\/em>, Poughkeepsie Journal, 15 de noviembre de 1964, www.newspapers.com\/image\/114122802\/.<\/li>\n<\/ul>\n<\/div><\/div><\/div><\/div><\/div><div class=\"fusion-fullwidth fullwidth-box fusion-builder-row-5 fusion-flex-container has-pattern-background has-mask-background nonhundred-percent-fullwidth non-hundred-percent-height-scrolling\" style=\"--awb-border-radius-top-left:0px;--awb-border-radius-top-right:0px;--awb-border-radius-bottom-right:0px;--awb-border-radius-bottom-left:0px;--awb-flex-wrap:wrap;\" ><div class=\"fusion-builder-row fusion-row fusion-flex-align-items-flex-start fusion-flex-content-wrap\" style=\"max-width:1122px;margin-left: calc(-2% \/ 2 );margin-right: calc(-2% \/ 2 );\"><div class=\"fusion-layout-column fusion_builder_column fusion-builder-column-5 fusion_builder_column_1_3 1_3 fusion-flex-column\" style=\"--awb-bg-size:cover;--awb-width-large:33.3333333333%;--awb-margin-top-large:0px;--awb-spacing-right-large:2.94%;--awb-margin-bottom-large:20px;--awb-spacing-left-large:2.94%;--awb-width-medium:100%;--awb-order-medium:0;--awb-spacing-right-medium:0.98%;--awb-spacing-left-medium:0.98%;--awb-width-small:100%;--awb-order-small:0;--awb-spacing-right-small:0.98%;--awb-spacing-left-small:0.98%;\"><div class=\"fusion-column-wrapper fusion-column-has-shadow fusion-flex-justify-content-flex-start fusion-content-layout-column\"><\/div><\/div><div class=\"fusion-layout-column fusion_builder_column fusion-builder-column-6 fusion_builder_column_1_3 1_3 fusion-flex-column\" style=\"--awb-bg-size:cover;--awb-width-large:33.3333333333%;--awb-margin-top-large:0px;--awb-spacing-right-large:2.94%;--awb-margin-bottom-large:20px;--awb-spacing-left-large:2.94%;--awb-width-medium:100%;--awb-order-medium:0;--awb-spacing-right-medium:0.98%;--awb-spacing-left-medium:0.98%;--awb-width-small:100%;--awb-order-small:0;--awb-spacing-right-small:0.98%;--awb-spacing-left-small:0.98%;\"><div class=\"fusion-column-wrapper fusion-column-has-shadow fusion-flex-justify-content-flex-start fusion-content-layout-column\"><\/div><\/div><div class=\"fusion-layout-column fusion_builder_column fusion-builder-column-7 fusion_builder_column_1_3 1_3 fusion-flex-column\" style=\"--awb-bg-size:cover;--awb-width-large:33.3333333333%;--awb-margin-top-large:0px;--awb-spacing-right-large:2.94%;--awb-margin-bottom-large:20px;--awb-spacing-left-large:2.94%;--awb-width-medium:100%;--awb-order-medium:0;--awb-spacing-right-medium:0.98%;--awb-spacing-left-medium:0.98%;--awb-width-small:100%;--awb-order-small:0;--awb-spacing-right-small:0.98%;--awb-spacing-left-small:0.98%;\"><div class=\"fusion-column-wrapper fusion-column-has-shadow fusion-flex-justify-content-flex-start fusion-content-layout-column\"><div style=\"text-align:center;\"><a class=\"fusion-button button-flat fusion-button-default-size button-custom fusion-button-default button-1 fusion-button-default-span fusion-button-default-type\" style=\"--button_accent_color:var(--awb-color1);--button_accent_hover_color:var(--awb-color2);--button_border_hover_color:var(--awb-color1);--button_gradient_top_color:var(--awb-color6);--button_gradient_bottom_color:var(--awb-color6);--button_gradient_top_color_hover:var(--awb-color6);--button_gradient_bottom_color_hover:var(--awb-color6);\" target=\"_self\" href=\"https:\/\/poklib.org\/es\/conozca\/historia-local-y-genealogia\/de-los-archivos-del-distrito-de-la-biblioteca-publica-de-poughkeepsie\/\"><span class=\"fusion-button-text awb-button__text awb-button__text--default\">Volver a la p\u00e1gina de inicio del blog<\/span><\/a><\/div><\/div><\/div><\/div><\/div><\/p>\n","protected":false},"excerpt":{"rendered":"","protected":false},"author":26,"featured_media":41511,"comment_status":"closed","ping_status":"closed","sticky":false,"template":"","format":"standard","meta":{"_acf_changed":false,"advanced_seo_description":"","jetpack_seo_html_title":"","jetpack_seo_noindex":false,"footnotes":"","_links_to":"","_links_to_target":""},"categories":[138,314,317],"tags":[],"class_list":["post-41509","post","type-post","status-publish","format-standard","has-post-thumbnail","hentry","category-blog-de-historia-local","category-historia-de-las-mujeres","category-historia-negra"],"acf":[],"jetpack_featured_media_url":"https:\/\/i0.wp.com\/poklib.org\/wp-content\/uploads\/Marian-Anderson-Featured.png?fit=300%2C200&quality=79&ssl=1","publishpress_future_action":{"enabled":false,"date":"2026-05-08 19:13:33","action":"change-status","newStatus":"trash","terms":[],"taxonomy":"category","extraData":[]},"publishpress_future_workflow_manual_trigger":{"enabledWorkflows":[]},"_links":{"self":[{"href":"https:\/\/poklib.org\/es\/wp-json\/wp\/v2\/posts\/41509","targetHints":{"allow":["GET"]}}],"collection":[{"href":"https:\/\/poklib.org\/es\/wp-json\/wp\/v2\/posts"}],"about":[{"href":"https:\/\/poklib.org\/es\/wp-json\/wp\/v2\/types\/post"}],"author":[{"embeddable":true,"href":"https:\/\/poklib.org\/es\/wp-json\/wp\/v2\/users\/26"}],"replies":[{"embeddable":true,"href":"https:\/\/poklib.org\/es\/wp-json\/wp\/v2\/comments?post=41509"}],"version-history":[{"count":0,"href":"https:\/\/poklib.org\/es\/wp-json\/wp\/v2\/posts\/41509\/revisions"}],"wp:featuredmedia":[{"embeddable":true,"href":"https:\/\/poklib.org\/es\/wp-json\/wp\/v2\/media\/41511"}],"wp:attachment":[{"href":"https:\/\/poklib.org\/es\/wp-json\/wp\/v2\/media?parent=41509"}],"wp:term":[{"taxonomy":"category","embeddable":true,"href":"https:\/\/poklib.org\/es\/wp-json\/wp\/v2\/categories?post=41509"},{"taxonomy":"post_tag","embeddable":true,"href":"https:\/\/poklib.org\/es\/wp-json\/wp\/v2\/tags?post=41509"}],"curies":[{"name":"wp","href":"https:\/\/api.w.org\/{rel}","templated":true}]}}