{"id":37620,"date":"2025-02-14T09:56:38","date_gmt":"2025-02-14T14:56:38","guid":{"rendered":"https:\/\/poklib.org\/la-feria-de-la-melodia-1958\/"},"modified":"2025-03-03T13:45:24","modified_gmt":"2025-03-03T18:45:24","slug":"la-feria-de-la-melodia-1958","status":"publish","type":"post","link":"https:\/\/poklib.org\/es\/la-feria-de-la-melodia-1958\/","title":{"rendered":"La Feria de la Melod\u00eda 1958"},"content":{"rendered":"<p><div class=\"fusion-fullwidth fullwidth-box fusion-builder-row-1 fusion-flex-container has-pattern-background has-mask-background nonhundred-percent-fullwidth non-hundred-percent-height-scrolling\" style=\"--awb-border-radius-top-left:0px;--awb-border-radius-top-right:0px;--awb-border-radius-bottom-right:0px;--awb-border-radius-bottom-left:0px;--awb-flex-wrap:wrap;\" ><div class=\"fusion-builder-row fusion-row fusion-flex-align-items-flex-start fusion-flex-content-wrap\" style=\"max-width:1122px;margin-left: calc(-2% \/ 2 );margin-right: calc(-2% \/ 2 );\"><div class=\"fusion-layout-column fusion_builder_column fusion-builder-column-0 fusion_builder_column_1_2 1_2 fusion-flex-column\" style=\"--awb-bg-size:cover;--awb-width-large:50%;--awb-margin-top-large:0px;--awb-spacing-right-large:1.96%;--awb-margin-bottom-large:20px;--awb-spacing-left-large:1.96%;--awb-width-medium:100%;--awb-order-medium:0;--awb-spacing-right-medium:0.98%;--awb-spacing-left-medium:0.98%;--awb-width-small:100%;--awb-order-small:0;--awb-spacing-right-small:0.98%;--awb-spacing-left-small:0.98%;\"><div class=\"fusion-column-wrapper fusion-column-has-shadow fusion-flex-justify-content-flex-start fusion-content-layout-column\"><div class=\"fusion-image-element \" style=\"text-align:center;--awb-caption-title-font-family:var(--h2_typography-font-family);--awb-caption-title-font-weight:var(--h2_typography-font-weight);--awb-caption-title-font-style:var(--h2_typography-font-style);--awb-caption-title-size:var(--h2_typography-font-size);--awb-caption-title-transform:var(--h2_typography-text-transform);--awb-caption-title-line-height:var(--h2_typography-line-height);--awb-caption-title-letter-spacing:var(--h2_typography-letter-spacing);\"><span class=\" fusion-imageframe imageframe-none imageframe-1 hover-type-none\"><img decoding=\"async\" width=\"450\" height=\"600\" alt=\"Eleanor Roosevelt &amp; Jackie Robinson at the Melody Fair concert in Poughkeepsie in 1958\" title=\"ER JRR\" src=\"https:\/\/i0.wp.com\/poklib.org\/wp-content\/uploads\/2025\/02\/ER-JRR.png?fit=450%2C600&quality=79&ssl=1\" data-orig-src=\"https:\/\/poklib.org\/wp-content\/uploads\/2025\/02\/ER-JRR.png\" class=\"lazyload img-responsive wp-image-37517\" srcset=\"data:image\/svg+xml,%3Csvg%20xmlns%3D%27http%3A%2F%2Fwww.w3.org%2F2000%2Fsvg%27%20width%3D%27450%27%20height%3D%27600%27%20viewBox%3D%270%200%20450%20600%27%3E%3Crect%20width%3D%27450%27%20height%3D%27600%27%20fill-opacity%3D%220%22%2F%3E%3C%2Fsvg%3E\" data-srcset=\"https:\/\/i0.wp.com\/poklib.org\/wp-content\/uploads\/2025\/02\/ER-JRR.png?resize=200%2C267&amp;quality=79&amp;ssl=1 200w, https:\/\/i0.wp.com\/poklib.org\/wp-content\/uploads\/2025\/02\/ER-JRR.png?resize=400%2C533&amp;quality=79&amp;ssl=1 400w, https:\/\/i0.wp.com\/poklib.org\/wp-content\/uploads\/2025\/02\/ER-JRR.png?fit=450%2C600&amp;quality=79&amp;ssl=1 450w\" data-sizes=\"auto\" data-orig-sizes=\"(max-width: 1024px) 100vw, (max-width: 640px) 100vw, 450px\" \/><\/span><\/div><\/div><\/div><div class=\"fusion-layout-column fusion_builder_column fusion-builder-column-1 fusion_builder_column_1_2 1_2 fusion-flex-column\" style=\"--awb-bg-size:cover;--awb-width-large:50%;--awb-margin-top-large:0px;--awb-spacing-right-large:1.96%;--awb-margin-bottom-large:20px;--awb-spacing-left-large:1.96%;--awb-width-medium:100%;--awb-order-medium:0;--awb-spacing-right-medium:0.98%;--awb-spacing-left-medium:0.98%;--awb-width-small:100%;--awb-order-small:0;--awb-spacing-right-small:0.98%;--awb-spacing-left-small:0.98%;\"><div class=\"fusion-column-wrapper fusion-column-has-shadow fusion-flex-justify-content-flex-start fusion-content-layout-column\"><\/div><\/div><\/div><\/div><div class=\"fusion-fullwidth fullwidth-box fusion-builder-row-2 fusion-flex-container has-pattern-background has-mask-background nonhundred-percent-fullwidth non-hundred-percent-height-scrolling\" style=\"--awb-border-radius-top-left:0px;--awb-border-radius-top-right:0px;--awb-border-radius-bottom-right:0px;--awb-border-radius-bottom-left:0px;--awb-flex-wrap:wrap;\" ><div class=\"fusion-builder-row fusion-row fusion-flex-align-items-flex-start fusion-flex-content-wrap\" style=\"max-width:1122px;margin-left: calc(-2% \/ 2 );margin-right: calc(-2% \/ 2 );\"><div class=\"fusion-layout-column fusion_builder_column fusion-builder-column-2 fusion_builder_column_1_1 1_1 fusion-flex-column\" style=\"--awb-bg-size:cover;--awb-width-large:100%;--awb-margin-top-large:0px;--awb-spacing-right-large:0.98%;--awb-margin-bottom-large:20px;--awb-spacing-left-large:0.98%;--awb-width-medium:100%;--awb-order-medium:0;--awb-spacing-right-medium:0.98%;--awb-spacing-left-medium:0.98%;--awb-width-small:100%;--awb-order-small:0;--awb-spacing-right-small:0.98%;--awb-spacing-left-small:0.98%;\"><div class=\"fusion-column-wrapper fusion-column-has-shadow fusion-flex-justify-content-flex-start fusion-content-layout-column\"><div class=\"fusion-text fusion-text-1\"><\/div><div class=\"fusion-text fusion-text-2\"><p><strong>Eleanor Roosevelt, Jackie Robinson, la NAACP, los \"Little Rock Nine,\" y un concierto en Poughkeepsie que los uni\u00f3 a todos; 1 de noviembre de 1958.<\/strong><\/p>\n<p><strong>Por Bill Kleppel<\/strong><\/p>\n<p>A lo largo de mi vida, como friki de la historia sin disculpas, me he puesto al d\u00eda con historias que parecen tener relevancia con lo que ocurre hoy en d\u00eda. Me ayuda a dar m\u00e1s sentido al mundo en el que vivo. <\/p>\n<p>La Historia es una herramienta. Es una llave para abrir el presente. Sin embargo, a medida que envejezco, tengo la sensaci\u00f3n sigilosa de que no estoy \"poni\u00e9ndome al d\u00eda\" con la historia en absoluto. La historia me est\u00e1 alcanzando a m\u00ed.   <\/p>\n<p>\u00bfLa historia siempre ha sido as\u00ed de c\u00edclica? \u00bfAprendemos algo de nuestras experiencias colectivas pasadas? \u00bfO estamos resignados al mismo destino que otros que han vivido situaciones similares en el pasado? Los resultados de la repetici\u00f3n de la historia no son muy bonitos.   <\/p>\n<p>Sin embargo, siempre se pueden desenterrar historias y acontecimientos, por peque\u00f1os o intrascendentes que sean, que ofrecen destellos de esperanza para nuestro futuro. Un peque\u00f1o ejemplo de ello ocurri\u00f3 aqu\u00ed, en el Auditorio del Instituto de Poughkeepsie, la noche del 1 de noviembre de 1958. <\/p>\n<p><strong>La Feria de la Melod\u00eda<\/strong><\/p>\n<p>Eleanor Roosevelt, la rama del condado de Dutchess de la NAACP y otros funcionarios locales decidieron organizar un concierto para concienciar sobre una activa campa\u00f1a nacional a favor de la desegregaci\u00f3n de las escuelas p\u00fablicas. Todo el dinero recaudado en este acto ben\u00e9fico se destin\u00f3 directamente a los esfuerzos de la NAACP por esta causa. <\/p>\n<p>El concierto de la Feria de la Melod\u00eda presentar\u00eda una gran variedad de g\u00e9neros musicales, desde sinf\u00f3nico hasta jazz y rock 'n' roll. Entre los talentos profesionales y amateurs figuraban la violinista Alice Smiley, la pianista Helen Brainard, el Grupo de Danza Esc\u00e9nica de Vassar, Lenny Kahn y su Orquesta, el Coro Masculino de IBM, los Bel-Aires, Clint McClain y The Rhythm- Aires, y muchos m\u00e1s. <\/p>\n<p>Eleanor Roosevelt, miembro del consejo de la NAACP desde 1945, pidi\u00f3 a Jackie Robinson que fuera el maestro de ceremonias del espect\u00e1culo. Robinson se hab\u00eda retirado recientemente como segunda base de los Dodgers de Brooklyn. Siempre se le recordar\u00e1 como el primer jugador que rompi\u00f3 la barrera del color de las Grandes Ligas de B\u00e9isbol en 1947. Robinson fue una figura vital en el Movimiento por los Derechos Civiles, y se volvi\u00f3 mucho m\u00e1s proactivo tras su retirada.   <\/p>\n<p><strong><em> <\/em><\/strong><strong><em>\"Jackie Robinson hizo posible mi \u00e9xito. Sin \u00e9l, nunca habr\u00eda podido hacer lo que hice\". -Martin Luther King Jr.<\/em><\/strong><\/p>\n<p><div id=\"attachment_37426\" style=\"width: 939px\" class=\"wp-caption aligncenter\"><img data-recalc-dims=\"1\" decoding=\"async\" aria-describedby=\"caption-attachment-37426\" class=\"lazyload size-full wp-image-37426\" src=\"https:\/\/i0.wp.com\/poklib.org\/wp-content\/uploads\/2025\/02\/Alice-M.-Smiley-Violinist-scaled.jpg?resize=929%2C1200&#038;quality=88&#038;ssl=1\" data-orig-src=\"https:\/\/poklib.org\/wp-content\/uploads\/2025\/02\/Alice-M.-Smiley-Violinist-scaled.jpg\" alt=\"Violinista Alice M. Smiley\" width=\"929\" height=\"1200\" srcset=\"data:image\/svg+xml,%3Csvg%20xmlns%3D%27http%3A%2F%2Fwww.w3.org%2F2000%2Fsvg%27%20width%3D%27929%27%20height%3D%271200%27%20viewBox%3D%270%200%20929%201200%27%3E%3Crect%20width%3D%27929%27%20height%3D%271200%27%20fill-opacity%3D%220%22%2F%3E%3C%2Fsvg%3E\" data-srcset=\"https:\/\/i0.wp.com\/poklib.org\/wp-content\/uploads\/2025\/02\/Alice-M.-Smiley-Violinist-scaled.jpg?resize=200%2C258&amp;quality=88&amp;ssl=1 200w, https:\/\/i0.wp.com\/poklib.org\/wp-content\/uploads\/2025\/02\/Alice-M.-Smiley-Violinist-scaled.jpg?resize=400%2C517&amp;quality=88&amp;ssl=1 400w, https:\/\/i0.wp.com\/poklib.org\/wp-content\/uploads\/2025\/02\/Alice-M.-Smiley-Violinist-scaled.jpg?resize=600%2C775&amp;quality=88&amp;ssl=1 600w, https:\/\/i0.wp.com\/poklib.org\/wp-content\/uploads\/2025\/02\/Alice-M.-Smiley-Violinist-scaled.jpg?resize=768%2C992&amp;quality=88&amp;ssl=1 768w, https:\/\/i0.wp.com\/poklib.org\/wp-content\/uploads\/2025\/02\/Alice-M.-Smiley-Violinist-scaled.jpg?resize=800%2C1034&amp;quality=88&amp;ssl=1 800w, https:\/\/i0.wp.com\/poklib.org\/wp-content\/uploads\/2025\/02\/Alice-M.-Smiley-Violinist-scaled.jpg?fit=929%2C1200&amp;quality=88&amp;ssl=1 929w, https:\/\/i0.wp.com\/poklib.org\/wp-content\/uploads\/2025\/02\/Alice-M.-Smiley-Violinist-scaled.jpg?resize=1189%2C1536&amp;quality=88&amp;ssl=1 1189w, https:\/\/i0.wp.com\/poklib.org\/wp-content\/uploads\/2025\/02\/Alice-M.-Smiley-Violinist-scaled.jpg?resize=1200%2C1551&amp;quality=88&amp;ssl=1 1200w, https:\/\/i0.wp.com\/poklib.org\/wp-content\/uploads\/2025\/02\/Alice-M.-Smiley-Violinist-scaled.jpg?resize=1585%2C2048&amp;quality=88&amp;ssl=1 1585w\" data-sizes=\"auto\" data-orig-sizes=\"(max-width: 929px) 100vw, 929px\" \/><p id=\"caption-attachment-37426\" class=\"wp-caption-text\">La violinista Alice M. Smiley<em>(<\/em> Archivo fotogr\u00e1fico<em>del Poughkeepsie Journal<\/em> )<\/p><\/div>\n<div id=\"attachment_37428\" style=\"width: 506px\" class=\"wp-caption aligncenter\"><img data-recalc-dims=\"1\" decoding=\"async\" aria-describedby=\"caption-attachment-37428\" class=\"lazyload size-full wp-image-37428\" src=\"https:\/\/i0.wp.com\/poklib.org\/wp-content\/uploads\/2025\/02\/rocknroll-1950s.png?resize=496%2C532&#038;quality=79&#038;ssl=1\" data-orig-src=\"https:\/\/poklib.org\/wp-content\/uploads\/2025\/02\/rocknroll-1950s.png\" alt=\"rock 'n' roll circa 1950's\" width=\"496\" height=\"532\" srcset=\"data:image\/svg+xml,%3Csvg%20xmlns%3D%27http%3A%2F%2Fwww.w3.org%2F2000%2Fsvg%27%20width%3D%27496%27%20height%3D%27532%27%20viewBox%3D%270%200%20496%20532%27%3E%3Crect%20width%3D%27496%27%20height%3D%27532%27%20fill-opacity%3D%220%22%2F%3E%3C%2Fsvg%3E\" data-srcset=\"https:\/\/i0.wp.com\/poklib.org\/wp-content\/uploads\/2025\/02\/rocknroll-1950s.png?resize=200%2C215&amp;quality=79&amp;ssl=1 200w, https:\/\/i0.wp.com\/poklib.org\/wp-content\/uploads\/2025\/02\/rocknroll-1950s.png?resize=400%2C429&amp;quality=79&amp;ssl=1 400w, https:\/\/i0.wp.com\/poklib.org\/wp-content\/uploads\/2025\/02\/rocknroll-1950s.png?fit=496%2C532&amp;quality=79&amp;ssl=1 496w\" data-sizes=\"auto\" data-orig-sizes=\"(max-width: 496px) 100vw, 496px\" \/><p id=\"caption-attachment-37428\" class=\"wp-caption-text\">rock 'n' roll circa 1950's<\/p><\/div><\/p>\n<p>Esta noche de m\u00fasica, baile y jolgorio se estaba reproduciendo de diversas maneras por toda la naci\u00f3n. Era una expresi\u00f3n m\u00e1s del activismo no violento que pod\u00eda unir a personas de todas las razas, colores y religiones por causas positivas. <\/p>\n<p>Sin embargo, la respuesta a esta campa\u00f1a, por parte de amplios sectores del Sur y del Norte, fue r\u00e1pida, incre\u00edblemente violenta e hirviente de racismo y rabia.<\/p>\n<p><strong><u>Los Nueve de Little Rock<\/u><\/strong><\/p>\n<p>La idea del concierto Melody Fair surgi\u00f3 de los incidentes derivados del intento de desegregaci\u00f3n de las escuelas de Little Rock, Arkansas. Los \"Nueve de Little Rock\" fueron los valientes estudiantes que se inscribieron para entrar en el Central High School de la ciudad a principios de septiembre de 1957. <\/p>\n<div id=\"attachment_37430\" style=\"width: 668px\" class=\"wp-caption aligncenter\"><img data-recalc-dims=\"1\" decoding=\"async\" aria-describedby=\"caption-attachment-37430\" class=\"lazyload size-full wp-image-37430\" src=\"https:\/\/i0.wp.com\/poklib.org\/wp-content\/uploads\/2025\/02\/Little-Rock-Nine.png?resize=658%2C358&#038;quality=79&#038;ssl=1\" data-orig-src=\"https:\/\/poklib.org\/wp-content\/uploads\/2025\/02\/Little-Rock-Nine.png\" alt=\"Nueve estudiantes de Little Rock, 1957\" width=\"658\" height=\"358\" srcset=\"data:image\/svg+xml,%3Csvg%20xmlns%3D%27http%3A%2F%2Fwww.w3.org%2F2000%2Fsvg%27%20width%3D%27658%27%20height%3D%27358%27%20viewBox%3D%270%200%20658%20358%27%3E%3Crect%20width%3D%27658%27%20height%3D%27358%27%20fill-opacity%3D%220%22%2F%3E%3C%2Fsvg%3E\" data-srcset=\"https:\/\/i0.wp.com\/poklib.org\/wp-content\/uploads\/2025\/02\/Little-Rock-Nine.png?resize=200%2C109&amp;quality=79&amp;ssl=1 200w, https:\/\/i0.wp.com\/poklib.org\/wp-content\/uploads\/2025\/02\/Little-Rock-Nine.png?resize=400%2C218&amp;quality=79&amp;ssl=1 400w, https:\/\/i0.wp.com\/poklib.org\/wp-content\/uploads\/2025\/02\/Little-Rock-Nine.png?resize=600%2C326&amp;quality=79&amp;ssl=1 600w, https:\/\/i0.wp.com\/poklib.org\/wp-content\/uploads\/2025\/02\/Little-Rock-Nine.png?fit=658%2C358&amp;quality=79&amp;ssl=1 658w\" data-sizes=\"auto\" data-orig-sizes=\"(max-width: 658px) 100vw, 658px\" \/><p id=\"caption-attachment-37430\" class=\"wp-caption-text\">Nueve estudiantes de Little Rock, 1957<\/p><\/div>\n<p>Entre el gobernador de Arkansas y el gobierno federal, la Guardia Nacional y la polic\u00eda estatal, y la creciente masa de manifestantes que quer\u00edan desesperadamente impedir que estos estudiantes afroamericanos se \"mezclaran\" con los estudiantes blancos, se desencaden\u00f3 un caos sobre si estos ni\u00f1os pod\u00edan o no asistir a la escuela.<\/p>\n<p><div id=\"attachment_37432\" style=\"width: 686px\" class=\"wp-caption aligncenter\"><img data-recalc-dims=\"1\" decoding=\"async\" aria-describedby=\"caption-attachment-37432\" class=\"lazyload size-full wp-image-37432\" src=\"https:\/\/i0.wp.com\/poklib.org\/wp-content\/uploads\/2025\/02\/Little-Rock-Nine-Protests-at-State-Capital-1957.jpg?resize=676%2C449&#038;quality=88&#038;ssl=1\" data-orig-src=\"https:\/\/poklib.org\/wp-content\/uploads\/2025\/02\/Little-Rock-Nine-Protests-at-State-Capital-1957.jpg\" alt=\"Segregacionistas protestando en la capital del estado; Little Rock, Arkansas, 1957\" width=\"676\" height=\"449\" srcset=\"data:image\/svg+xml,%3Csvg%20xmlns%3D%27http%3A%2F%2Fwww.w3.org%2F2000%2Fsvg%27%20width%3D%27676%27%20height%3D%27449%27%20viewBox%3D%270%200%20676%20449%27%3E%3Crect%20width%3D%27676%27%20height%3D%27449%27%20fill-opacity%3D%220%22%2F%3E%3C%2Fsvg%3E\" data-srcset=\"https:\/\/i0.wp.com\/poklib.org\/wp-content\/uploads\/2025\/02\/Little-Rock-Nine-Protests-at-State-Capital-1957.jpg?resize=200%2C133&amp;quality=88&amp;ssl=1 200w, https:\/\/i0.wp.com\/poklib.org\/wp-content\/uploads\/2025\/02\/Little-Rock-Nine-Protests-at-State-Capital-1957.jpg?resize=400%2C266&amp;quality=88&amp;ssl=1 400w, https:\/\/i0.wp.com\/poklib.org\/wp-content\/uploads\/2025\/02\/Little-Rock-Nine-Protests-at-State-Capital-1957.jpg?resize=600%2C399&amp;quality=88&amp;ssl=1 600w, https:\/\/i0.wp.com\/poklib.org\/wp-content\/uploads\/2025\/02\/Little-Rock-Nine-Protests-at-State-Capital-1957.jpg?fit=676%2C449&amp;quality=88&amp;ssl=1 676w\" data-sizes=\"auto\" data-orig-sizes=\"(max-width: 676px) 100vw, 676px\" \/><p id=\"caption-attachment-37432\" class=\"wp-caption-text\">Segregacionistas protestando en la capital del estado; Little Rock, Arkansas, 1957<\/p><\/div>\n<div id=\"attachment_37434\" style=\"width: 552px\" class=\"wp-caption aligncenter\"><img data-recalc-dims=\"1\" decoding=\"async\" aria-describedby=\"caption-attachment-37434\" class=\"lazyload size-full wp-image-37434\" src=\"https:\/\/i0.wp.com\/poklib.org\/wp-content\/uploads\/2025\/02\/Little-Rock-Nine-protesting-and-jeering-at-high-school.png?resize=542%2C577&#038;quality=79&#038;ssl=1\" data-orig-src=\"https:\/\/poklib.org\/wp-content\/uploads\/2025\/02\/Little-Rock-Nine-protesting-and-jeering-at-high-school.png\" alt=\"Elizabeth Eckford soportando insultos racistas y siendo escupida mientras se dirig\u00eda a Central High School; Little Rock, Arkansas, 1957\" width=\"542\" height=\"577\" srcset=\"data:image\/svg+xml,%3Csvg%20xmlns%3D%27http%3A%2F%2Fwww.w3.org%2F2000%2Fsvg%27%20width%3D%27542%27%20height%3D%27577%27%20viewBox%3D%270%200%20542%20577%27%3E%3Crect%20width%3D%27542%27%20height%3D%27577%27%20fill-opacity%3D%220%22%2F%3E%3C%2Fsvg%3E\" data-srcset=\"https:\/\/i0.wp.com\/poklib.org\/wp-content\/uploads\/2025\/02\/Little-Rock-Nine-protesting-and-jeering-at-high-school.png?resize=200%2C213&amp;quality=79&amp;ssl=1 200w, https:\/\/i0.wp.com\/poklib.org\/wp-content\/uploads\/2025\/02\/Little-Rock-Nine-protesting-and-jeering-at-high-school.png?resize=400%2C426&amp;quality=79&amp;ssl=1 400w, https:\/\/i0.wp.com\/poklib.org\/wp-content\/uploads\/2025\/02\/Little-Rock-Nine-protesting-and-jeering-at-high-school.png?fit=542%2C577&amp;quality=79&amp;ssl=1 542w\" data-sizes=\"auto\" data-orig-sizes=\"(max-width: 542px) 100vw, 542px\" \/><p id=\"caption-attachment-37434\" class=\"wp-caption-text\">Elizabeth Eckford soportando insultos racistas y siendo escupida mientras se dirig\u00eda a Central High School; Little Rock, Arkansas, 1957<\/p><\/div><\/p>\n<p>El 23 de septiembre de 1957, por fin dejaron entrar a los alumnos por una puerta lateral. M\u00e1s de 1.000 blancos se amotinaron frente a la escuela, y finalmente los nueve ni\u00f1os tuvieron que ser sacados del edificio. Unos d\u00edas m\u00e1s tarde, despu\u00e9s de que el gobernador de Arkansas, Orval Faubus, despidiera a la Guardia Nacional, el presidente Eisenhower envi\u00f3 a la <sup>101<\/sup> Divisi\u00f3n Aerotransportada de EEUU para ayudar a escoltar a los estudiantes de vuelta a la escuela.  <\/p>\n<div id=\"attachment_37436\" style=\"width: 804px\" class=\"wp-caption aligncenter\"><img data-recalc-dims=\"1\" decoding=\"async\" aria-describedby=\"caption-attachment-37436\" class=\"lazyload size-full wp-image-37436\" src=\"https:\/\/i0.wp.com\/poklib.org\/wp-content\/uploads\/2025\/02\/Arkansas-State-Press_-27-Sep-1957.png?resize=794%2C550&#038;quality=79&#038;ssl=1\" data-orig-src=\"https:\/\/poklib.org\/wp-content\/uploads\/2025\/02\/Arkansas-State-Press_-27-Sep-1957.png\" alt=\"Arkansas State Press (Little Rock, AR), 27 de septiembre de 1957\" width=\"794\" height=\"550\" srcset=\"data:image\/svg+xml,%3Csvg%20xmlns%3D%27http%3A%2F%2Fwww.w3.org%2F2000%2Fsvg%27%20width%3D%27794%27%20height%3D%27550%27%20viewBox%3D%270%200%20794%20550%27%3E%3Crect%20width%3D%27794%27%20height%3D%27550%27%20fill-opacity%3D%220%22%2F%3E%3C%2Fsvg%3E\" data-srcset=\"https:\/\/i0.wp.com\/poklib.org\/wp-content\/uploads\/2025\/02\/Arkansas-State-Press_-27-Sep-1957.png?resize=200%2C139&amp;quality=79&amp;ssl=1 200w, https:\/\/i0.wp.com\/poklib.org\/wp-content\/uploads\/2025\/02\/Arkansas-State-Press_-27-Sep-1957.png?resize=400%2C277&amp;quality=79&amp;ssl=1 400w, https:\/\/i0.wp.com\/poklib.org\/wp-content\/uploads\/2025\/02\/Arkansas-State-Press_-27-Sep-1957.png?resize=600%2C416&amp;quality=79&amp;ssl=1 600w, https:\/\/i0.wp.com\/poklib.org\/wp-content\/uploads\/2025\/02\/Arkansas-State-Press_-27-Sep-1957.png?resize=768%2C532&amp;quality=79&amp;ssl=1 768w, https:\/\/i0.wp.com\/poklib.org\/wp-content\/uploads\/2025\/02\/Arkansas-State-Press_-27-Sep-1957.png?fit=794%2C550&amp;quality=79&amp;ssl=1 794w\" data-sizes=\"auto\" data-orig-sizes=\"(max-width: 794px) 100vw, 794px\" \/><p id=\"caption-attachment-37436\" class=\"wp-caption-text\"><em>Arkansas State Press<\/em> (Little Rock, AR), 27 de septiembre de 1957<\/p><\/div>\n<p>La violencia continu\u00f3 al a\u00f1o siguiente. Los disturbios y las amenazas de bomba proced\u00edan del exterior de la escuela, mientras que los abusos f\u00edsicos y verbales de los alumnos proced\u00edan del interior. Al finalizar el curso escolar, un juez federal dictamin\u00f3 a favor de retrasar la integraci\u00f3n de las escuelas de Arkansas hasta 1961.  <\/p>\n<p><strong>El \u00e9xito de la Feria de la Melod\u00eda<\/strong><\/p>\n<p>Los preparativos del concierto fueron recibidos con rapidez y entusiasmo por los partidarios y el p\u00fablico en general. En un art\u00edculo de opini\u00f3n del <em>Poughkeepsie Journal<\/em> del 16 de septiembre de 1958, la Sra. W.G. Bouricious escribi\u00f3: <\/p>\n<blockquote id=\"quote\" cite=\"#\">\n<p><strong>\"Las personas que apoyen un proyecto como \u00e9ste pueden saber que estar\u00e1n haciendo mucho m\u00e1s que dar ayuda a personas que sufren pr\u00e1cticas de discriminaci\u00f3n<\/strong>..., y que la gente est\u00e1...<strong>demostrando que ellos mismos desean vivir en una sociedad no segregada<\/strong><\/p>\n<\/blockquote>\n<p>\".<br \/>\nTambi\u00e9n a\u00f1adi\u00f3 que el concierto es una buena oportunidad:<\/p>\n<blockquote id=\"quote\" cite=\"#\">\n<p><strong>\"...para que los ciudadanos individuales demuestren lo libres de prejuicios que est\u00e1n realmente\".<\/strong><\/p>\n<\/blockquote>\n<p>En un art\u00edculo de opini\u00f3n<sup>del 28 de octubre <\/sup>, la presidenta de la NAACP del condado de Dutchess, Jennie Reed, escribi\u00f3:<\/p>\n<blockquote id=\"quote\" cite=\"#\">\n<p><strong>\"Ha sido asombroso que un grupo de ciudadanos pudiera convertirse en una organizaci\u00f3n de la noche a la ma\u00f1ana y lograr tanto\". <\/strong><\/p>\n<\/blockquote>\n<p>Pens\u00f3 que la recepci\u00f3n inmediata de apoyos al proyecto hab\u00eda sido:<\/p>\n<blockquote id=\"quote\" cite=\"#\">\n<p><strong>\"...simplemente milagroso\".<\/strong><\/p>\n<\/blockquote>\n<p>En su columna \"Mi D\u00eda\", Eleanor Roosevelt inst\u00f3 a una gran participaci\u00f3n. Esperaba que asistieran al menos 800 personas. Eleanor estaba impresionada de que los residentes del condado de Dutchess:  <\/p>\n<blockquote id=\"quote\" cite=\"#\">\n<p><strong>\"...se sinti\u00f3 lo suficientemente afectado por la situaci\u00f3n de Little Rock como para querer demostrar que un grupo interracial pod\u00eda reunirse en este estado y disfrutar trabajando en nombre de un prop\u00f3sito serio como \u00e9ste\". <\/strong><\/p>\n<\/blockquote>\n<p>Una multitud de 1.500 personas asisti\u00f3 al espect\u00e1culo. La gente estaba de pie en los pasillos y se desparramaba por los corredores exteriores del auditorio. Muchos ciudadanos de Poughkeepsie participaron en este programa. Incluso los Boy Scouts y Girl Scouts locales se ofrecieron voluntarios para ser acomodadores. El acto que destac\u00f3 para muchos fue la interpretaci\u00f3n del saxof\u00f3n de Clint McClain. Jackie Robinson proclam\u00f3 m\u00e1s tarde que Clint, \"derrib\u00f3 la casa\".     <\/p>\n<p>La prestaci\u00f3n recibi\u00f3 3.500 d\u00f3lares.<\/p>\n<p><strong><u>Nueve de Little Rock en 2017<\/u><\/strong><\/p>\n<p>En 2017 se celebr\u00f3 en Denver (Colorado) el <sup>60<\/sup> aniversario de los Nueve de Little Rock. El entonces alcalde de Denver, Michael B. Hancock, escribi\u00f3 lo siguiente: <\/p>\n<blockquote id=\"quote\" cite=\"#\">\n<p><strong>\"El emotivo fin de semana fue un recordatorio de lo incre\u00edblemente importante que es que nuestra juventud permanezca conectada a nuestra historia. Ya se trate de nuestra lucha por la independencia, del Holocausto, de los Nueve de Little Rock, de la esclavitud o de la matanza de Sand Creek, nuestros j\u00f3venes deben comprender que alguien luch\u00f3 duramente, pagando a menudo el precio m\u00e1s alto por unos derechos que ellos mismos nunca disfrutar\u00edan plenamente, para que nosotros podamos disfrutarlos hoy libremente. Estos momentos deben educar, informar e inspirar a nuestros j\u00f3venes, para que eviten repetir los errores de las generaciones anteriores.\"<\/strong><\/p>\n<\/blockquote>\n<div id=\"attachment_37438\" style=\"width: 594px\" class=\"wp-caption aligncenter\"><img data-recalc-dims=\"1\" decoding=\"async\" aria-describedby=\"caption-attachment-37438\" class=\"lazyload size-full wp-image-37438\" src=\"https:\/\/i0.wp.com\/poklib.org\/wp-content\/uploads\/2025\/02\/The-reminaing-Little-Rock-Nine-Students-60-years-Later-2017.png?resize=584%2C398&#038;quality=79&#038;ssl=1\" data-orig-src=\"https:\/\/poklib.org\/wp-content\/uploads\/2025\/02\/The-reminaing-Little-Rock-Nine-Students-60-years-Later-2017.png\" alt=\"Los Nueve Estudiantes de Little Rock restantes, 60 a\u00f1os despu\u00e9s - 2017\" width=\"584\" height=\"398\" srcset=\"data:image\/svg+xml,%3Csvg%20xmlns%3D%27http%3A%2F%2Fwww.w3.org%2F2000%2Fsvg%27%20width%3D%27584%27%20height%3D%27398%27%20viewBox%3D%270%200%20584%20398%27%3E%3Crect%20width%3D%27584%27%20height%3D%27398%27%20fill-opacity%3D%220%22%2F%3E%3C%2Fsvg%3E\" data-srcset=\"https:\/\/i0.wp.com\/poklib.org\/wp-content\/uploads\/2025\/02\/The-reminaing-Little-Rock-Nine-Students-60-years-Later-2017.png?resize=200%2C136&amp;quality=79&amp;ssl=1 200w, https:\/\/i0.wp.com\/poklib.org\/wp-content\/uploads\/2025\/02\/The-reminaing-Little-Rock-Nine-Students-60-years-Later-2017.png?resize=400%2C273&amp;quality=79&amp;ssl=1 400w, https:\/\/i0.wp.com\/poklib.org\/wp-content\/uploads\/2025\/02\/The-reminaing-Little-Rock-Nine-Students-60-years-Later-2017.png?fit=584%2C398&amp;quality=79&amp;ssl=1 584w\" data-sizes=\"auto\" data-orig-sizes=\"(max-width: 584px) 100vw, 584px\" \/><p id=\"caption-attachment-37438\" class=\"wp-caption-text\">Los Nueve Estudiantes de Little Rock restantes, 60 a\u00f1os despu\u00e9s - 2017<\/p><\/div>\n<p>Despu\u00e9s de saber m\u00e1s sobre los Nueve de Little Rock y los sucesos de un s\u00e1bado por la noche en Poughkeepsie en 1958, te preguntar\u00e9 lo siguiente: \u00bfNos hemos vuelto todos tan c\u00ednicos? \u00bfLas lecciones que hemos aprendido de actos tan heroicos y del activismo comunitario han evolucionado hasta tener tan poco valor? \u00bfHemos olvidado comprender que acontecimientos como \u00e9stos transformaron nuestra sociedad y nos han dado a todos las oportunidades que tenemos hoy?  <\/p>\n<p>A todos nosotros.<\/p>\n<p>Nuestra familia, nuestros amigos, nuestro hogar y el pueblo o la ciudad en que vivimos son muy importantes y debemos apreciarlos.<\/p>\n<p>Pero esto por s\u00ed solo no nos define a todos. No define a todo nuestro pa\u00eds. Debemos trabajar juntos para que todos podamos existir y prosperar. Nuestra democracia depende de ello.   <\/p>\n<div id=\"attachment_37440\" style=\"width: 1210px\" class=\"wp-caption aligncenter\"><img data-recalc-dims=\"1\" decoding=\"async\" aria-describedby=\"caption-attachment-37440\" class=\"lazyload size-full wp-image-37440\" src=\"https:\/\/i0.wp.com\/poklib.org\/wp-content\/uploads\/2025\/02\/Jackie-Robinson-Rotunda-scaled.jpg?resize=1100%2C464&#038;quality=88&#038;ssl=1\" data-orig-src=\"https:\/\/poklib.org\/wp-content\/uploads\/2025\/02\/Jackie-Robinson-Rotunda-scaled.jpg\" alt=\"La Rotonda de Jackie Robinson; Citi Field, Flushing, Queens, NY (tomada por el autor)\" width=\"1100\" height=\"464\" srcset=\"data:image\/svg+xml,%3Csvg%20xmlns%3D%27http%3A%2F%2Fwww.w3.org%2F2000%2Fsvg%27%20width%3D%271200%27%20height%3D%27506%27%20viewBox%3D%270%200%201200%20506%27%3E%3Crect%20width%3D%271200%27%20height%3D%27506%27%20fill-opacity%3D%220%22%2F%3E%3C%2Fsvg%3E\" data-srcset=\"https:\/\/i0.wp.com\/poklib.org\/wp-content\/uploads\/2025\/02\/Jackie-Robinson-Rotunda-scaled.jpg?resize=200%2C84&amp;quality=88&amp;ssl=1 200w, https:\/\/i0.wp.com\/poklib.org\/wp-content\/uploads\/2025\/02\/Jackie-Robinson-Rotunda-scaled.jpg?resize=400%2C169&amp;quality=88&amp;ssl=1 400w, https:\/\/i0.wp.com\/poklib.org\/wp-content\/uploads\/2025\/02\/Jackie-Robinson-Rotunda-scaled.jpg?resize=600%2C253&amp;quality=88&amp;ssl=1 600w, https:\/\/i0.wp.com\/poklib.org\/wp-content\/uploads\/2025\/02\/Jackie-Robinson-Rotunda-scaled.jpg?resize=768%2C324&amp;quality=88&amp;ssl=1 768w, https:\/\/i0.wp.com\/poklib.org\/wp-content\/uploads\/2025\/02\/Jackie-Robinson-Rotunda-scaled.jpg?resize=800%2C337&amp;quality=88&amp;ssl=1 800w, https:\/\/i0.wp.com\/poklib.org\/wp-content\/uploads\/2025\/02\/Jackie-Robinson-Rotunda-scaled.jpg?fit=1200%2C506&amp;quality=88&amp;ssl=1 1200w, https:\/\/i0.wp.com\/poklib.org\/wp-content\/uploads\/2025\/02\/Jackie-Robinson-Rotunda-scaled.jpg?resize=1536%2C648&amp;quality=88&amp;ssl=1 1536w\" data-sizes=\"auto\" data-orig-sizes=\"(max-width: 1100px) 100vw, 1100px\" \/><p id=\"caption-attachment-37440\" class=\"wp-caption-text\">La Rotonda de Jackie Robinson; Citi Field, Flushing, Queens, NY (tomada por el autor)<\/p><\/div>\n<p><strong>\"Una vida no es importante salvo por el impacto que tiene en otras vidas\" - Jackie Robinson<\/strong><\/p>\n<\/div><\/div><\/div><\/div><\/div><div class=\"fusion-fullwidth fullwidth-box fusion-builder-row-3 fusion-flex-container has-pattern-background has-mask-background nonhundred-percent-fullwidth non-hundred-percent-height-scrolling\" style=\"--awb-border-radius-top-left:0px;--awb-border-radius-top-right:0px;--awb-border-radius-bottom-right:0px;--awb-border-radius-bottom-left:0px;--awb-flex-wrap:wrap;\" ><div class=\"fusion-builder-row fusion-row fusion-flex-align-items-flex-start fusion-flex-content-wrap\" style=\"max-width:1122px;margin-left: calc(-2% \/ 2 );margin-right: calc(-2% \/ 2 );\"><div class=\"fusion-layout-column fusion_builder_column fusion-builder-column-3 fusion_builder_column_1_1 1_1 fusion-flex-column\" style=\"--awb-bg-size:cover;--awb-width-large:100%;--awb-margin-top-large:0px;--awb-spacing-right-large:0.98%;--awb-margin-bottom-large:20px;--awb-spacing-left-large:0.98%;--awb-width-medium:100%;--awb-order-medium:0;--awb-spacing-right-medium:0.98%;--awb-spacing-left-medium:0.98%;--awb-width-small:100%;--awb-order-small:0;--awb-spacing-right-small:0.98%;--awb-spacing-left-small:0.98%;\"><div class=\"fusion-column-wrapper fusion-column-has-shadow fusion-flex-justify-content-flex-start fusion-content-layout-column\"><div class=\"awb-gallery-wrapper awb-gallery-wrapper-1 button-span-no\" style=\"--more-btn-alignment:center;\"><div style=\"margin:-5px;--awb-bordersize:0px;\" class=\"fusion-gallery fusion-gallery-container fusion-grid-3 fusion-columns-total-0 fusion-gallery-layout-grid fusion-gallery-1\"><\/div><\/div><\/div><\/div><\/div><\/div><div class=\"fusion-fullwidth fullwidth-box fusion-builder-row-4 fusion-flex-container has-pattern-background has-mask-background nonhundred-percent-fullwidth non-hundred-percent-height-scrolling\" style=\"--awb-border-radius-top-left:0px;--awb-border-radius-top-right:0px;--awb-border-radius-bottom-right:0px;--awb-border-radius-bottom-left:0px;--awb-flex-wrap:wrap;\" ><div class=\"fusion-builder-row fusion-row fusion-flex-align-items-flex-start fusion-flex-content-wrap\" style=\"max-width:1122px;margin-left: calc(-2% \/ 2 );margin-right: calc(-2% \/ 2 );\"><div class=\"fusion-layout-column fusion_builder_column fusion-builder-column-4 fusion_builder_column_1_1 1_1 fusion-flex-column\" style=\"--awb-bg-size:cover;--awb-width-large:100%;--awb-margin-top-large:0px;--awb-spacing-right-large:0.98%;--awb-margin-bottom-large:20px;--awb-spacing-left-large:0.98%;--awb-width-medium:100%;--awb-order-medium:0;--awb-spacing-right-medium:0.98%;--awb-spacing-left-medium:0.98%;--awb-width-small:100%;--awb-order-small:0;--awb-spacing-right-small:0.98%;--awb-spacing-left-small:0.98%;\"><div class=\"fusion-column-wrapper fusion-column-has-shadow fusion-flex-justify-content-flex-start fusion-content-layout-column\"><div class=\"fusion-text fusion-text-3\"><\/div><div class=\"fusion-text fusion-text-4\"><p><strong><u>Referencias<\/u><\/strong><\/p>\n<ul>\n<li>Markusen, Bruce. \"MLK y el b\u00e9isbol se apoyaron mutuamente en la b\u00fasqueda de los derechos civiles\". MLK <em>, Base<\/em>ball Supported Each Other in Quest of Civil <em>Rights | Baseball Hall of Fame<\/em>, baseballhall.org\/discover\/MLK-baseball-supported-each-other-in-quest-of-civil-rights. Consultado el 12 de febrero de 2025.  <\/li>\n<li>\"Little Rock\". <em>Escuela Secundaria Central de Little Rock | LITTLE ROCK<\/em>, www.lrsd.org\/page\/history-little-rock-central-high-school. Consultado el 12 de febrero de 2025. <\/li>\n<li>Hancock, Michael B. \"Los Nueve de Little Rock: inspirando al mundo 60 a\u00f1os despu\u00e9s\". <em>Denver Urban Spectrum<\/em>, 2 de noviembre de 2017, www.denverurbanspectrum.com\/2017\/11\/02\/little-rock-nine-inspiring-the-world-60-years-later\/.<\/li>\n<li>\"Los Nueve de Little Rock, Desegregaci\u00f3n escolar, Movimiento por los Derechos Civiles, 1957, Brown contra el Consejo de Educaci\u00f3n, Integraci\u00f3n racial, Instituto Central\". <em>Bill of Rights Institute<\/em>, billofrightsinstitute.org\/essays\/the-little-rock-nine. Consultado el 12 de febrero de 2025. <\/li>\n<li>Roberts, Sam. \"Los Nueve de Little Rock\". <em>The New York Times Upfront<\/em>, 4 de septiembre de 2017, upfront.scholastic.com\/issues\/2017-18\/090417\/the-little-rock-nine.html?language=english#1210L. <\/li>\n<li>Walker, Malea. \"Buscando peri\u00f3dicos afroamericanos en Chronicling America: Titulares y H\u00e9roes\". <em>Biblioteca del Congreso<\/em>, 28 de febrero de 2023, blogs.loc.gov\/headlinesandheroes\/2023\/02\/searching-african-american-newspapers-in-chronicling-america\/. <\/li>\n<li>\"Rock n' Roll en los a\u00f1os 50\". <em>Sknazari1981<\/em>, 30 de mayo de 2015, sknazari1981.wordpress.com\/2015\/05\/24\/rock-n-roll-in-the-1950s-2\/.<\/li>\n<li>Bouricius, Sra. de Willard G. \"16 de septiembre de 1958, p\u00e1gina 6 - Poughkeepsie Journal en Newspapers.Com\". <em>Peri\u00f3dicos hist\u00f3ricos de 1700s-2000s - Newspapers.Com<\/em>, Poughkeepsie Journal, 16 Sept. 1958, www.newspapers.com\/image\/115009177\/?match=1&amp;terms=Melody+Fair.<\/li>\n<li>Reed, Jennie. \"28 de octubre de 1958, P\u00e1gina 6 - Poughkeepsie Journal en Newspapers.Com\". <em>Peri\u00f3dicos hist\u00f3ricos de los a\u00f1os 1700-2000 - Newspapers.Com<\/em>, Poughkeepsie Journal , www.newspapers.com\/image\/115076548\/?match=1&amp;terms=Melody+Fair. Consultado el 12 de febrero de 2025. <\/li>\n<li>Roosevelt, Eleanor. \"Mi d\u00eda\". <em>Mi d\u00eda, por Eleanor Roosevelt, 27 de octubre de 1958<\/em>, www2.gwu.edu\/~erpapers\/myday\/displaydoc.cfm?_y=1958&amp;_f=md004260. Consultado el 12 de febrero de 2025.<\/li>\n<li>\"800 Reservan para Asistir a la Feria de la Melod\u00eda\". <em>Peri\u00f3dicos hist\u00f3ricos de los a\u00f1os 1700-2000 - Newspapers.Com<\/em>, Poughkeepsie Journal, 1958, www.newspapers.com\/image\/115079527\/?match=1&amp;terms=%22Melody+Fair%22.<\/li>\n<li>\"02 de Nov. de 1958, P\u00e1gina 4 - Poughkeepsie Journal en Newspapers.Com\". <em>Una multitud llena asiste a la Feria de la Melod\u00eda<\/em>, Poughkeepsie Journal , 2 Nov. 1958, www.newspapers.com\/image\/114427700\/.<\/li>\n<\/ul>\n<\/div><\/div><\/div><\/div><\/div><div class=\"fusion-fullwidth fullwidth-box fusion-builder-row-5 fusion-flex-container has-pattern-background has-mask-background nonhundred-percent-fullwidth non-hundred-percent-height-scrolling\" style=\"--awb-border-radius-top-left:0px;--awb-border-radius-top-right:0px;--awb-border-radius-bottom-right:0px;--awb-border-radius-bottom-left:0px;--awb-flex-wrap:wrap;\" ><div class=\"fusion-builder-row fusion-row fusion-flex-align-items-flex-start fusion-flex-content-wrap\" style=\"max-width:1122px;margin-left: calc(-2% \/ 2 );margin-right: calc(-2% \/ 2 );\"><div class=\"fusion-layout-column fusion_builder_column fusion-builder-column-5 fusion_builder_column_1_3 1_3 fusion-flex-column\" style=\"--awb-bg-size:cover;--awb-width-large:33.3333333333%;--awb-margin-top-large:0px;--awb-spacing-right-large:2.94%;--awb-margin-bottom-large:20px;--awb-spacing-left-large:2.94%;--awb-width-medium:100%;--awb-order-medium:0;--awb-spacing-right-medium:0.98%;--awb-spacing-left-medium:0.98%;--awb-width-small:100%;--awb-order-small:0;--awb-spacing-right-small:0.98%;--awb-spacing-left-small:0.98%;\"><div class=\"fusion-column-wrapper fusion-column-has-shadow fusion-flex-justify-content-flex-start fusion-content-layout-column\"><\/div><\/div><div class=\"fusion-layout-column fusion_builder_column fusion-builder-column-6 fusion_builder_column_1_3 1_3 fusion-flex-column\" style=\"--awb-bg-size:cover;--awb-width-large:33.3333333333%;--awb-margin-top-large:0px;--awb-spacing-right-large:2.94%;--awb-margin-bottom-large:20px;--awb-spacing-left-large:2.94%;--awb-width-medium:100%;--awb-order-medium:0;--awb-spacing-right-medium:0.98%;--awb-spacing-left-medium:0.98%;--awb-width-small:100%;--awb-order-small:0;--awb-spacing-right-small:0.98%;--awb-spacing-left-small:0.98%;\"><div class=\"fusion-column-wrapper fusion-column-has-shadow fusion-flex-justify-content-flex-start fusion-content-layout-column\"><\/div><\/div><div class=\"fusion-layout-column fusion_builder_column fusion-builder-column-7 fusion_builder_column_1_3 1_3 fusion-flex-column\" style=\"--awb-bg-size:cover;--awb-width-large:33.3333333333%;--awb-margin-top-large:0px;--awb-spacing-right-large:2.94%;--awb-margin-bottom-large:20px;--awb-spacing-left-large:2.94%;--awb-width-medium:100%;--awb-order-medium:0;--awb-spacing-right-medium:0.98%;--awb-spacing-left-medium:0.98%;--awb-width-small:100%;--awb-order-small:0;--awb-spacing-right-small:0.98%;--awb-spacing-left-small:0.98%;\"><div class=\"fusion-column-wrapper fusion-column-has-shadow fusion-flex-justify-content-flex-start fusion-content-layout-column\"><div style=\"text-align:center;\"><a class=\"fusion-button button-flat fusion-button-default-size button-custom fusion-button-default button-1 fusion-button-default-span fusion-button-default-type\" style=\"--button_accent_color:var(--awb-color1);--button_accent_hover_color:var(--awb-color2);--button_border_hover_color:var(--awb-color1);--button_gradient_top_color:var(--awb-color6);--button_gradient_bottom_color:var(--awb-color6);--button_gradient_top_color_hover:var(--awb-color6);--button_gradient_bottom_color_hover:var(--awb-color6);\" target=\"_self\" href=\"https:\/\/poklib.org\/es\/conozca\/historia-local-y-genealogia\/de-los-archivos-del-distrito-de-la-biblioteca-publica-de-poughkeepsie\/\"><span class=\"fusion-button-text awb-button__text awb-button__text--default\">Volver a la p\u00e1gina de inicio del blog<\/span><\/a><\/div><\/div><\/div><\/div><\/div><\/p>\n","protected":false},"excerpt":{"rendered":"","protected":false},"author":26,"featured_media":37445,"comment_status":"closed","ping_status":"closed","sticky":false,"template":"","format":"standard","meta":{"_acf_changed":false,"advanced_seo_description":"","jetpack_seo_html_title":"","jetpack_seo_noindex":false,"footnotes":"","_links_to":"","_links_to_target":""},"categories":[138,317],"tags":[],"class_list":["post-37620","post","type-post","status-publish","format-standard","has-post-thumbnail","hentry","category-blog-de-historia-local","category-historia-negra"],"acf":[],"jetpack_featured_media_url":"https:\/\/i0.wp.com\/poklib.org\/wp-content\/uploads\/2025\/02\/Eleanor-Roosevelt-the-Melody-Fair-featured.png?fit=300%2C200&quality=79&ssl=1","publishpress_future_action":{"enabled":false,"date":"2026-05-06 08:24:12","action":"change-status","newStatus":"trash","terms":[],"taxonomy":"category","extraData":[]},"publishpress_future_workflow_manual_trigger":{"enabledWorkflows":[]},"_links":{"self":[{"href":"https:\/\/poklib.org\/es\/wp-json\/wp\/v2\/posts\/37620","targetHints":{"allow":["GET"]}}],"collection":[{"href":"https:\/\/poklib.org\/es\/wp-json\/wp\/v2\/posts"}],"about":[{"href":"https:\/\/poklib.org\/es\/wp-json\/wp\/v2\/types\/post"}],"author":[{"embeddable":true,"href":"https:\/\/poklib.org\/es\/wp-json\/wp\/v2\/users\/26"}],"replies":[{"embeddable":true,"href":"https:\/\/poklib.org\/es\/wp-json\/wp\/v2\/comments?post=37620"}],"version-history":[{"count":0,"href":"https:\/\/poklib.org\/es\/wp-json\/wp\/v2\/posts\/37620\/revisions"}],"wp:featuredmedia":[{"embeddable":true,"href":"https:\/\/poklib.org\/es\/wp-json\/wp\/v2\/media\/37445"}],"wp:attachment":[{"href":"https:\/\/poklib.org\/es\/wp-json\/wp\/v2\/media?parent=37620"}],"wp:term":[{"taxonomy":"category","embeddable":true,"href":"https:\/\/poklib.org\/es\/wp-json\/wp\/v2\/categories?post=37620"},{"taxonomy":"post_tag","embeddable":true,"href":"https:\/\/poklib.org\/es\/wp-json\/wp\/v2\/tags?post=37620"}],"curies":[{"name":"wp","href":"https:\/\/api.w.org\/{rel}","templated":true}]}}